{"id":6543,"date":"2025-11-11T13:25:40","date_gmt":"2025-11-11T12:25:40","guid":{"rendered":"https:\/\/bruxelles-panthere.thefreecat.org\/?p=6543"},"modified":"2025-11-11T13:25:40","modified_gmt":"2025-11-11T12:25:40","slug":"sur-la-crise-climatique-limperialisme-et-la-liberation-de-la-palestine","status":"publish","type":"post","link":"https:\/\/bruxelles-panthere.thefreecat.org\/?p=6543","title":{"rendered":"Sur la crise climatique, l\u2019imp\u00e9rialisme et la lib\u00e9ration de la Palestine"},"content":{"rendered":"<div class=\"introduction limit-2-col item--change-with-language-direction\" lang=\"fr\">\n<div class=\"text-formatted\">\n<div class=\"text-formatted\">\n<p>La d\u00e9vastation \u00e0 Gaza n&rsquo;est pas seulement un g\u00e9nocide, mais aussi un \u00e9cocide : la destruction d\u00e9lib\u00e9r\u00e9e de tout un tissu social et \u00e9cologique. Des sols contamin\u00e9s et des terres agricoles d\u00e9cim\u00e9es \u00e0 l&rsquo;effondrement des r\u00e9seaux hydrographiques et aux mers satur\u00e9es de d\u00e9chets, l&rsquo;attaque isra\u00e9lienne r\u00e9v\u00e8le combien la violence coloniale est indissociable des atteintes \u00e0 l&rsquo;environnement. Reliant la lutte palestinienne \u00e0 la lutte mondiale contre le capitalisme fossile et l&rsquo;imp\u00e9rialisme, cette analyse soutient que la justice climatique est impossible sans la lib\u00e9ration palestinienne.<\/p>\n<\/div>\n<\/div>\n<\/div>\n<div class=\"limit-2-col\">\n<div class=\"authors\">\n<div class=\"items--field-authors\" translate=\"no\">\n<div class=\"item--field-authors\">\n<div class=\"full-click node node--type-profile node--view-mode-avatar node--profile--avatar\"><span class=\"field field--name-title field--type-string field--label-hidden\">Hamza Hamouchene<\/span><\/div>\n<\/div>\n<\/div>\n<\/div>\n<\/div>\n<p><!--more--><\/p>\n<div class=\"content--header text--centered\">\n<div class=\"stack--small\">\n<div class=\"under-title stack--small\">\n<div class=\"textual grid-container stack--small\">\n<div class=\"introduction limit-2-col item--change-with-language-direction\" lang=\"fr\">\n<div class=\"text-formatted\">\n<div class=\"text-formatted\"><\/div>\n<\/div>\n<\/div>\n<div class=\"limit-2-col\">\n<div class=\"authors\">\n<div class=\"items--field-authors\" translate=\"no\">\n<div class=\"item--field-authors\">\n<div class=\"full-click node node--type-profile node--view-mode-avatar node--profile--avatar\">\n<figure style=\"width: 761px\" class=\"wp-caption aligncenter\"><img loading=\"lazy\" decoding=\"async\" src=\"https:\/\/www.tni.org\/files\/styles\/full_width_small\/public\/2025-09\/Main%20Illustration%20Ecocide%2C%20Imperialism%20and%20Palestine%20Liberation.jpg?itok=GqpIkei1\" alt=\"Illustration by Fourate Chahal El Rekaby\" width=\"771\" height=\"434\" \/><figcaption class=\"wp-caption-text\">Illustration by Fourate Chahal El Rekaby<\/figcaption><\/figure>\n<\/div>\n<\/div>\n<\/div>\n<\/div>\n<\/div>\n<div class=\"limit-2-col\">\n<div class=\"block block-social-media block-social-sharing-block\">\n<div class=\"block-content\">\n<div class=\"social-media-sharing\"><\/div>\n<\/div>\n<\/div>\n<\/div>\n<\/div>\n<div class=\"main-visual visual full-width text--centered\">\n<figure class=\"figure figure--main-visual item--change-with-language-direction\">\n<div class=\"grid-contrainer--for-credits grid-container\">\n<div class=\"credit\">\n<p class=\"text--medium text--color-light text--strong\" lang=\"en\">\n<\/div>\n<\/div>\n<\/figure>\n<\/div>\n<\/div>\n<\/div>\n<\/div>\n<div class=\"content--main stack item--change-with-language-direction content--with-large-letter\" lang=\"fr\">\n<div class=\"grid-container paragraph--with-related-content paragraph paragraph--type--text paragraph--view-mode--default\">\n<div class=\"paragraph__inner left-indent--2\">\n<div class=\"textual\">\n<div class=\"text-formatted\">\n<div class=\"text-formatted\">\n<p><em>Cet article est bas\u00e9 sur un chapitre du livre collectif \u00ab Rising for Palestine : Africans in Solidarity for Decolonisation and Liberation \u00bb (Se soulever pour la Palestine : les Africains solidaires de la d\u00e9colonisation et de la lib\u00e9ration), \u00e9dit\u00e9 par Raouf Farah et Suraya Dadoo, et qui sera publi\u00e9 par Pluto Press d\u00e9but 2026.<\/em><\/p>\n<p>\u00c0 premi\u00e8re vue, il peut sembler inappropri\u00e9, voire d\u00e9plac\u00e9, d&rsquo;aborder les enjeux climatiques et \u00e9cologiques alors qu\u2019un g\u00e9nocide se d\u00e9roule actuellement \u00e0 Gaza. Mais il ne s\u2019agit pas seulement d\u2019un g\u00e9nocide\u00a0; on assiste \u00e9galement \u00e0 un \u00e9cocide, voire \u00e0 ce que certain\u00b7es d\u00e9crivent comme un\u00a0<em>holocide<\/em>, c\u2019est-\u00e0-dire l&rsquo;an\u00e9antissement d\u00e9lib\u00e9r\u00e9 d&rsquo;un tissu social et \u00e9cologique dans son int\u00e9gralit\u00e9. La bande de Gaza est jonch\u00e9e de plus de 40\u00a0millions de tonnes de d\u00e9bris et de mat\u00e9riaux dangereux, qui recouvrent pour la plupart des restes de corps humains. Au d\u00e9but de l&rsquo;ann\u00e9e 2024, une grande partie des terres agricoles de Gaza \u00e9tait d\u00e9j\u00e0 ravag\u00e9e, apr\u00e8s que les vergers, les serres et les cultures de subsistance ont \u00e9t\u00e9 an\u00e9antis par les bombardements incessants. Les oliveraies et les fermes ne sont plus qu\u2019un tas de terre et de poussi\u00e8re, les munitions et les toxines contaminent les sols et les eaux souterraines, tandis que l&rsquo;eau de mer au large de Gaza est satur\u00e9e d\u2019eaux us\u00e9es et de d\u00e9chets, apr\u00e8s qu\u2019Isra\u00ebl a coup\u00e9 l\u2019alimentation en \u00e9lectricit\u00e9 et d\u00e9truit les stations d&rsquo;\u00e9puration.<\/p>\n<p>Saisir l\u2019ampleur de la d\u00e9vastation \u00e9cologique que g\u00e9n\u00e8re le g\u00e9nocide commis par Isra\u00ebl permet de mettre en \u00e9vidence les nombreuses interconnexions entre la crise climatique et \u00e9cologique et la lutte pour la lib\u00e9ration de la Palestine. Il ne peut y avoir de v\u00e9ritable justice climatique \u00e0 l\u2019\u00e9chelle mondiale sans la lib\u00e9ration du peuple palestinien, de m\u00eame que cette lutte de lib\u00e9ration est intrins\u00e8quement li\u00e9e \u00e0 la survie de la terre et de l&rsquo;humanit\u00e9. Les propos qui vont suivre cherchent \u00e0 d\u00e9montrer que la destruction des \u00e9cosyst\u00e8mes op\u00e9r\u00e9e par Isra\u00ebl est en lien direct avec la violence coloniale que l\u2019\u00c9tat h\u00e9breu d\u00e9ploie en Palestine, et qui a atteint son paroxysme avec le g\u00e9nocide en cours. Nous cherchons ici \u00e0 d\u00e9montrer que les dommages environnementaux ont constitu\u00e9, d\u00e8s le d\u00e9part, un aspect essentiel du syst\u00e8me de domination coloniale sioniste, et comment ces d\u00e9gradations ont constitu\u00e9 un outil pour contr\u00f4ler et an\u00e9antir. Par la suite, la pr\u00e9sente analyse abordera des enjeux cruciaux tels que la vuln\u00e9rabilit\u00e9 climatique disproportionn\u00e9e impos\u00e9e aux Palestinien\u00b7nes, le d\u00e9ploiement par Isra\u00ebl de strat\u00e9gies d&rsquo;\u00e9co-blanchiment et d&rsquo;\u00e9co-normalisation pour camoufler sa strat\u00e9gie d\u2019occupation et d\u2019apartheid, ainsi que l&rsquo;\u00e9cocide en cours \u00e0 Gaza et la place d&rsquo;Isra\u00ebl dans le r\u00e9gime du capitalisme fossile mondial. Enfin, nous \u00e9voquerons la r\u00e9sistance du peuple palestinien \u00e0 travers des pratiques enracin\u00e9es dans le respect de la terre et des cultures, qui promeuvent non seulement un rejet de la domination mais \u00e9galement une conception particuli\u00e8re de la justice environnementale, ancr\u00e9e dans les luttes de lib\u00e9ration.<\/p>\n<\/div>\n<\/div>\n<\/div>\n<div class=\"related-content--inline\">\n<div class=\"items--field-related-content\">\n<div class=\"item--field-related-content\">\n<div class=\"paragraph paragraph--type--related-content-item paragraph--view-mode--default\">\n<div class=\"full-click adjust-order node--view-mode-tile-combined node node--type-article node--view-mode-tile-medium node--article--tile-medium\">\n<div class=\"order-min\">\n<div class=\"visual \">\n<figure style=\"width: 713px\" class=\"wp-caption aligncenter\"><img loading=\"lazy\" decoding=\"async\" class=\"\" src=\"https:\/\/www.tni.org\/files\/styles\/full_width_small\/public\/2025-09\/Ecocide%2C%20Imperialism%20and%20Palestine%20Liberation%201again.jpg?itok=ux0Kgm1I\" alt=\"Illustration by Fourate Chahal El Rekaby\" width=\"723\" height=\"405\" \/><figcaption class=\"wp-caption-text\">Illustration by Fourate Chahal El Rekaby<\/figcaption><\/figure>\n<\/div>\n<\/div>\n<\/div>\n<\/div>\n<\/div>\n<\/div>\n<\/div>\n<\/div>\n<\/div>\n<div class=\"grid-container paragraph paragraph--type--text paragraph--view-mode--default\">\n<div class=\"paragraph__inner limit-2-col\">\n<div class=\"textual\">\n<h2 class=\"paragraph__title\">Un orientalisme environnemental<\/h2>\n<div class=\"text-formatted\">\n<div class=\"text-formatted\">\n<p>Isra\u00ebl a toujours d\u00e9crit la Palestine d&rsquo;avant 1948 comme un territoire vide et d\u00e9sertique, contrastant avec l&rsquo;oasis florissante promise par la cr\u00e9ation de l&rsquo;\u00c9tat d&rsquo;Isra\u00ebl. Ce discours environnemental raciste d\u00e9peint les peuples autochtones de Palestine comme des sauvages qui n\u00e9gligent, voire d\u00e9truisent les terres sur lesquelles ces populations vivent depuis des mill\u00e9naires. Cette perspective environnementale n&rsquo;est pas nouvelle, ni m\u00eame propre au colonialisme isra\u00e9lien. En invoquant le concept d\u2019\u00ab\u00a0orientalisme environnemental\u00a0\u00bb, la g\u00e9ographe Diana K. Davis souligne que dans l\u2019imaginaire anglo-europ\u00e9en du 19\u1d49 si\u00e8cle, les milieux naturels dans le monde arabe ont souvent \u00e9t\u00e9 repr\u00e9sent\u00e9s comme \u00ab\u00a0d\u00e9grad\u00e9s d\u2019une certaine fa\u00e7on\u00a0\u00bb, ce qui impliquait la n\u00e9cessit\u00e9 d\u2019une intervention pour les\u00a0<em>am\u00e9liorer<\/em>, les\u00a0<em>restaurer<\/em>, les\u00a0<em>normaliser<\/em>\u00a0et les\u00a0<em>r\u00e9parer<\/em>.<a class=\"note-ref\" href=\"https:\/\/www.tni.org\/fr\/article\/ecocide-imperialism-and-palestine-liberation#note-19049-1\"><sup>1<\/sup><\/a><\/p>\n<p>L&rsquo;id\u00e9ologie sioniste de la R\u00e9demption de la terre se refl\u00e8te dans le discours construit autour des projets de boisement men\u00e9s par le Fonds national juif (FNJ), une organisation parapublique isra\u00e9lienne. Le FNJ a cherch\u00e9 \u00e0 recouvrir les vestiges mat\u00e9riels et symboliques des 86 villages palestiniens d\u00e9truits lors de la Nakba en ayant recours au boisement.<a class=\"note-ref\" href=\"https:\/\/www.tni.org\/fr\/article\/ecocide-imperialism-and-palestine-liberation#note-19049-2\"><sup>2<\/sup><\/a>\u00a0Sous couvert de politiques de conservation, l\u2019organisation a instrumentalis\u00e9 la plantation d\u2019arbres pour dissimuler la r\u00e9alit\u00e9 des d\u00e9placements massifs de populations li\u00e9s \u00e0 la colonisation, du nettoyage ethnique, de la destruction de l&rsquo;environnement et de la d\u00e9possession, tout en cr\u00e9ant de nouveaux paysages destin\u00e9s \u00e0 remplacer les paysages autochtones.<\/p>\n<p>La chercheuse Ghada Sasa d\u00e9crypte avec brio ces pratiques \u00e9co-coloniales, qu\u2019elle d\u00e9crit comme relevant d\u2019un colonialisme \u00ab\u00a0vert\u00a0\u00bb, c\u2019est-\u00e0-dire l&rsquo;appropriation par Isra\u00ebl de concepts environnementalistes pour \u00e9liminer la population palestinienne autochtone et accaparer ses ressources. Elle d\u00e9crit comment l\u2019\u00c9tat h\u00e9breu utilise les classifications et appellations de pr\u00e9servation de l\u2019environnement (parcs nationaux, for\u00eats et r\u00e9serves naturelles) pour justifier l&rsquo;accaparement des terres et emp\u00eacher le retour des r\u00e9fugi\u00e9\u00b7es palestinien\u00b7nes, dans le but de vider la Palestine de son essence historique pour juda\u00efser et europ\u00e9aniser son territoire, en effa\u00e7ant l&rsquo;identit\u00e9 palestinienne et en \u00e9liminant la r\u00e9sistance \u00e0 l&rsquo;oppression coloniale. Ces pratiques servent \u00e9galement \u00e0 \u00ab\u00a0\u00e9cologiser\u00a0\u00bb l\u2019image de l\u2019\u00c9tat d\u2019Isra\u00ebl dans un contexte d&rsquo;apartheid.<a class=\"note-ref\" href=\"https:\/\/www.tni.org\/fr\/article\/ecocide-imperialism-and-palestine-liberation#note-19049-3\"><sup>3<\/sup><\/a><\/p>\n<p>L\u2019eau fait partie des ressources qu\u2019Isra\u00ebl accapare en Palestine. Peu apr\u00e8s la cr\u00e9ation de l\u2019\u00c9tat d\u2019Isra\u00ebl en 1948, le FNJ a ass\u00e9ch\u00e9 le lac Hula et les zones humides environnantes dans le nord de la Palestine historique,<a class=\"note-ref\" href=\"https:\/\/www.tni.org\/fr\/article\/ecocide-imperialism-and-palestine-liberation#note-19049-4\"><sup>4<\/sup><\/a>\u00a0au pr\u00e9texte que cela \u00e9tait n\u00e9cessaire pour agrandir les surfaces agricoles. Or, non seulement le projet n&rsquo;a pas permis de d\u00e9gager des terres agricoles \u00ab\u00a0productives\u00a0\u00bb pour les colons juif\u00b7ves europ\u00e9en\u00b7nes nouvellement arriv\u00e9\u00b7es, mais cela a \u00e9galement caus\u00e9 des dommages environnementaux consid\u00e9rables, en d\u00e9cimant des esp\u00e8ces v\u00e9g\u00e9tales et animales essentielles<a class=\"note-ref\" href=\"https:\/\/www.tni.org\/fr\/article\/ecocide-imperialism-and-palestine-liberation#note-19049-5\"><sup>5<\/sup><\/a>\u00a0et en polluant les eaux se d\u00e9versant dans la mer de Galil\u00e9e (lac de Tib\u00e9riade), ce qui a eu un impact sur la qualit\u00e9 de l\u2019eau du fleuve Jourdain en aval.<a class=\"note-ref\" href=\"https:\/\/www.tni.org\/fr\/article\/ecocide-imperialism-and-palestine-liberation#note-19049-6\"><sup>6<\/sup><\/a>\u00a0\u00c0 peu pr\u00e8s \u00e0 la m\u00eame p\u00e9riode, la compagnie nationale des eaux isra\u00e9lienne Mekorot a commenc\u00e9 \u00e0 d\u00e9tourner les eaux du Jourdain vers les colonies et les villes c\u00f4ti\u00e8res isra\u00e9liennes, ainsi que vers les colonies juives install\u00e9es dans le d\u00e9sert du Naqab\u00a0<em>(N\u00e9guev<\/em>).<a class=\"note-ref\" href=\"https:\/\/www.tni.org\/fr\/article\/ecocide-imperialism-and-palestine-liberation#note-19049-7\"><sup>7<\/sup><\/a>\u00a0\u00c0 la suite de l&rsquo;occupation par Isra\u00ebl de la Cisjordanie et de la bande de Gaza en 1967, le pompage des eaux du Jourdain s\u2019est intensifi\u00e9. Aujourd&rsquo;hui, le fleuve n&rsquo;est plus qu&rsquo;un ruisseau pollu\u00e9 par les d\u00e9chets et les eaux us\u00e9es, en particulier sa section en aval.<a class=\"note-ref\" href=\"https:\/\/www.tni.org\/fr\/article\/ecocide-imperialism-and-palestine-liberation#note-19049-8\"><sup>8<\/sup><\/a><\/p>\n<p>Qu&rsquo;il s&rsquo;agisse de campagnes de boisement ou de l\u2019accaparement des ressources en eau, les atteintes aux milieux naturels commises par Isra\u00ebl en Palestine illustrent comment la relation \u00e0 la nature s&rsquo;inscrit dans une logique coloniale plus vaste. Le colonialisme de peuplement est une forme de domination qui vient violemment perturber les relations des peuples avec leur environnement, en ce qu\u2019il \u00ab\u00a0fragilise strat\u00e9giquement la survivance collective des communaut\u00e9s autochtones sur leurs terres\u00a0\u00bb.<a class=\"note-ref\" href=\"https:\/\/www.tni.org\/fr\/article\/ecocide-imperialism-and-palestine-liberation#note-19049-9\"><sup>9<\/sup><\/a>\u00a0Vu sous cet angle, le colonialisme de peuplement s\u2019apparente \u00e0 une domination \u00e9cologique, car il efface les relations essentielles qu\u2019entretiennent les peuples autochtones avec leurs milieux naturels pour imposer des mod\u00e8les \u00e9cologiques coloniaux. Comme le fait remarquer Kyle Whyte, \u00ab\u00a0les populations de colons s&rsquo;efforcent de cr\u00e9er leurs propres \u00e9cosyst\u00e8mes en \u00e9radiquant les \u00e9cosyst\u00e8mes autochtones, ce qui exige souvent d\u2019introduire d\u2019autres ressources et d\u2019autres \u00eatres vivants\u00a0\u00bb.<a class=\"note-ref\" href=\"https:\/\/www.tni.org\/fr\/article\/ecocide-imperialism-and-palestine-liberation#note-19049-10\"><sup>10<\/sup><\/a>\u00a0\u00c0 cet \u00e9gard, la chercheuse Shourideh Molavi affirme elle aussi que la violence coloniale est \u00ab\u00a0avant tout une violence \u00e9cologique\u00a0\u00bb, une tentative de remplacer un \u00e9cosyst\u00e8me par un autre. Ce point de vue est partag\u00e9 par l\u2019architecte Eyal Weizman, qui soutient que \u00ab\u00a0l&rsquo;environnement constitue l\u2019un des instruments du racisme colonial, sur lequel on s\u2019appuie pour accaparer les terres, renforcer les lignes de si\u00e8ge et perp\u00e9tuer la violence\u00a0\u00bb.<a class=\"note-ref\" href=\"https:\/\/www.tni.org\/fr\/article\/ecocide-imperialism-and-palestine-liberation#note-19049-11\"><sup>11<\/sup><\/a>\u00a0Weizman observe qu&rsquo;en Palestine, \u00ab\u00a0la Nakba rev\u00eat \u00e9galement une dimension environnementale moins connue, \u00e0 savoir le bouleversement global de l&rsquo;environnement, de la m\u00e9t\u00e9o, des sols\u00a0; la perturbation du climat local, de la v\u00e9g\u00e9tation et de l\u2019atmosph\u00e8re. La Nakba est un processus de changement climatique impos\u00e9 par la colonisation.\u00a0\u00bb<a class=\"note-ref\" href=\"https:\/\/www.tni.org\/fr\/article\/ecocide-imperialism-and-palestine-liberation#note-19049-12\"><sup>12<\/sup><\/a><\/p>\n<\/div>\n<\/div>\n<\/div>\n<\/div>\n<\/div>\n<div class=\"visual layout--full-width grid-container paragraph paragraph--type--image paragraph--view-mode--default\">\n<div class=\"item--with-breakout\">\n<figure class=\"figure figure--paragraph-image item--change-with-language-direction\">\n<p><figure style=\"width: 706px\" class=\"wp-caption aligncenter\"><img loading=\"lazy\" decoding=\"async\" class=\"\" src=\"https:\/\/www.tni.org\/files\/styles\/full_width_small\/public\/2025-09\/Ecocide%2C%20Imperialism%20and%20Palestine%20Liberation%202again.jpg?itok=fPm1yMrz\" alt=\"Illustration by Fourate Chahal El Rekaby\" width=\"716\" height=\"401\" \/><figcaption class=\"wp-caption-text\">Illustration by Fourate Chahal El Rekaby<\/figcaption><\/figure><\/figure>\n<\/div>\n<\/div>\n<div class=\"grid-container paragraph paragraph--type--text paragraph--view-mode--default\">\n<div class=\"paragraph__inner limit-2-col\">\n<div class=\"textual\">\n<h2 class=\"paragraph__title\">La crise climatique en Palestine<\/h2>\n<div class=\"text-formatted\">\n<div class=\"text-formatted\">\n<p>Dans ce contexte o\u00f9 l\u2019\u00c9tat isra\u00e9lien est responsable de la d\u00e9gradation des milieux naturels en Palestine, la population palestinienne est aujourd&rsquo;hui confront\u00e9e \u00e0 l&rsquo;intensification de la crise climatique \u00e0 l\u2019\u00e9chelle mondiale. D&rsquo;ici la fin du si\u00e8cle, les pr\u00e9cipitations annuelles dans la r\u00e9gion pourraient diminuer de 30\u00a0% par rapport \u00e0 la p\u00e9riode 1961-1990.<a class=\"note-ref\" href=\"https:\/\/www.tni.org\/fr\/article\/ecocide-imperialism-and-palestine-liberation#note-19049-13\"><sup>13<\/sup><\/a>\u00a0Le groupe intergouvernemental d&rsquo;experts sur l&rsquo;\u00e9volution du climat (GIEC) pr\u00e9voit une augmentation des temp\u00e9ratures de 2,2 \u00e0 5,1\u00a0\u00b0C, ce qui entra\u00eenera des perturbations climatiques aux effets potentiellement catastrophiques, notamment une acc\u00e9l\u00e9ration de la d\u00e9sertification.<a class=\"note-ref\" href=\"https:\/\/www.tni.org\/fr\/article\/ecocide-imperialism-and-palestine-liberation#note-19049-14\"><sup>14<\/sup><\/a>\u00a0L&rsquo;agriculture, qui constitue la cl\u00e9 de vo\u00fbte de l&rsquo;\u00e9conomie palestinienne, s\u2019en trouvera profond\u00e9ment impact\u00e9e. Le raccourcissement des saisons de croissance des cultures et l&rsquo;augmentation des besoins en eau entra\u00eeneront une hausse des prix des denr\u00e9es alimentaires, ce qui constitue une menace pour la s\u00e9curit\u00e9 alimentaire.<\/p>\n<p>La vuln\u00e9rabilit\u00e9 de la population palestinienne face au changement climatique doit \u00eatre comprise dans le contexte de la violence coloniale qu\u2019elle subit depuis un si\u00e8cle\u00a0: occupation, apartheid, d\u00e9possessions, d\u00e9placements de populations, oppression syst\u00e9mique et g\u00e9nocide. Comme l\u2019a soulign\u00e9 Zena Agha,<a class=\"note-ref\" href=\"https:\/\/www.tni.org\/fr\/article\/ecocide-imperialism-and-palestine-liberation#note-19049-15\"><sup>15<\/sup><\/a>\u00a0ces violences exerc\u00e9es sur le temps long expliquent pourquoi les cons\u00e9quences de la crise climatique affecteront, et affectent d\u00e9j\u00e0 les populations isra\u00e9lienne et palestinienne des Territoires palestiniens occup\u00e9s (TPO) de mani\u00e8re profond\u00e9ment asym\u00e9trique. Ainsi, tandis que l\u2019occupation continue d\u2019emp\u00eacher les Palestinien\u00b7nes d\u2019acc\u00e9der aux ressources et de d\u00e9velopper des infrastructures et des strat\u00e9gies d\u2019adaptation, Isra\u00ebl fait partie des pays les moins vuln\u00e9rables au changement climatique dans la r\u00e9gion, et des mieux pr\u00e9par\u00e9s pour y faire face. Ainsi, en accaparant, pillant et en exer\u00e7ant un contr\u00f4le sur la plupart des ressources disponibles en Palestine, des terres \u00e0 l&rsquo;eau en passant par l&rsquo;\u00e9nergie, Isra\u00ebl est en mesure de d\u00e9velopper des technologies susceptibles d&rsquo;att\u00e9nuer certains des effets du changement climatique, aux d\u00e9pens des travailleur\u00b7euses palestinien\u00b7nes et avec le soutien actif des puissances imp\u00e9rialistes. Pour r\u00e9sumer, les capacit\u00e9s d&rsquo;adaptation au changement climatique sont profond\u00e9ment asym\u00e9triques entre Isra\u00ebl et la Palestine, et ces capacit\u00e9s sont d\u00e9termin\u00e9es en fonction de la race, de la religion, du statut juridique et des hi\u00e9rarchies coloniales. On parle alors d&rsquo;apartheid climatique, ou\u00a0<em>\u00e9co-apartheid<\/em>.<a class=\"note-ref\" href=\"https:\/\/www.tni.org\/fr\/article\/ecocide-imperialism-and-palestine-liberation#note-19049-16\"><sup>16<\/sup><\/a><\/p>\n<p>La question de l\u2019acc\u00e8s \u00e0 l\u2019eau illustre parfaitement cette situation profond\u00e9ment in\u00e9galitaire. Contrairement aux pays voisins, la r\u00e9gion situ\u00e9e entre le fleuve Jourdain et la mer M\u00e9diterran\u00e9e ne souffre pas de p\u00e9nuries d\u2019eau. Pourtant, les populations palestiniennes de Cisjordanie et de Gaza sont affect\u00e9es de mani\u00e8re chronique par une crise de l\u2019acc\u00e8s \u00e0 l\u2019eau, en raison de la primaut\u00e9 donn\u00e9e aux populations juives impos\u00e9e par l&rsquo;occupation, et de l&rsquo;apartheid pratiqu\u00e9 autour des infrastructures hydrauliques. Depuis le d\u00e9but de l\u2019occupation de la Cisjordanie en 1967, l\u2019\u00c9tat d\u2019Isra\u00ebl a monopolis\u00e9 les sources d&rsquo;eau douce, une pratique l\u00e9gitim\u00e9e par les accords d&rsquo;Oslo II en 1995, qui ont accord\u00e9 \u00e0 Isra\u00ebl le contr\u00f4le d&rsquo;environ 80\u00a0% des ressources en eau pr\u00e9sentes sur le territoire cisjordanien. Alors qu&rsquo;Isra\u00ebl a perfectionn\u00e9 ses technologies de gestion des eaux et g\u00e9n\u00e9ralis\u00e9 l&rsquo;acc\u00e8s \u00e0 l&rsquo;eau de part et d&rsquo;autre de la \u00ab\u00a0Ligne verte\u00a0\u00bb, il devient de plus en plus difficile pour les Palestinien\u00b7nes d\u2019acc\u00e9der aux ressources en eau en raison de l&rsquo;apartheid, de l\u2019accaparement des terres et des d\u00e9possessions. En effet, l\u2019\u00c9tat h\u00e9breu contr\u00f4le les sources d&rsquo;eau douce, impose des quotas d&rsquo;approvisionnement stricts \u00e0 la population palestinienne, interdit tous les projets d\u2019am\u00e9nagement, tels que la cr\u00e9ation de puits, et a d\u00e9truit \u00e0 de nombreuses reprises des infrastructures d&rsquo;approvisionnement en eau mises en place par les Palestinien\u00b7nes. En cons\u00e9quence, la population juive isra\u00e9lienne install\u00e9e entre le Jourdain et la M\u00e9diterran\u00e9e dispose d&rsquo;abondantes ressources en eau, gr\u00e2ce \u00e0 l&rsquo;accaparement et aux technologies de dessalement de l\u2019eau de mer, tandis que la population palestinienne est confront\u00e9e \u00e0 des p\u00e9nuries chroniques qui s&rsquo;aggraveront sous l&rsquo;effet du changement climatique.<\/p>\n<p>Les disparit\u00e9s sont frappantes\u00a0: la consommation quotidienne d&rsquo;eau par habitant\u00b7e en Isra\u00ebl \u00e9tait de 247\u00a0litres en 2020, soit plus de trois fois les 82,4\u00a0litres dont dispose quotidiennement chaque Palestinien\u00b7ne de Cisjordanie.<a class=\"note-ref\" href=\"https:\/\/www.tni.org\/fr\/article\/ecocide-imperialism-and-palestine-liberation#note-19049-17\"><sup>17<\/sup><\/a>\u00a0Dans les territoires occup\u00e9s, 600\u00a0000\u00a0colons isra\u00e9lien\u00b7nes ill\u00e9gaux utilisent six fois plus d&rsquo;eau que les 3\u00a0millions de Palestinien\u00b7nes. En outre, dans les colonies isra\u00e9liennes ill\u00e9gales sont consomm\u00e9s jusqu&rsquo;\u00e0 700\u00a0litres d&rsquo;eau par personne et par jour, notamment pour entretenir des \u00e9quipements de luxe comme les piscines et les gazons, tandis que certaines communaut\u00e9s palestiniennes, qui ne sont pas rattach\u00e9es au r\u00e9seau de distribution d&rsquo;eau, survivent avec \u00e0 peine 26\u00a0litres par personne et par jour. Ceci est proche de la moyenne dans les zones sinistr\u00e9es et bien moins que la quantit\u00e9 d\u2019eau suffisante pour les besoins personnels et domestiques, soit entre 50 et 100 litres d\u2019eau par personne et par jour, pr\u00e9conis\u00e9s par les Nations Unies et l\u2019OMS.<a class=\"note-ref\" href=\"https:\/\/www.tni.org\/fr\/article\/ecocide-imperialism-and-palestine-liberation#note-19049-18\"><sup>18<\/sup><\/a>\u00a0En 2015, seuls 50,9\u00a0% des m\u00e9nages cisjordaniens b\u00e9n\u00e9ficiaient d\u2019un acc\u00e8s quotidien \u00e0 l&rsquo;eau, tandis qu\u2019en 2020, l\u2019ONG isra\u00e9lienne B&rsquo;Tselem estimait que seulement 36\u00a0% des Palestinien\u00b7nes de Cisjordanie jouissaient d\u2019un acc\u00e8s \u00e0 l\u2019eau stable tout au long de l&rsquo;ann\u00e9e, avec un approvisionnement en eau disponible moins de 10 jours par mois pour 47\u00a0% d\u2019entre elles et eux.<\/p>\n<p>La situation est pire encore \u00e0 Gaza. M\u00eame avant le g\u00e9nocide actuel, seuls 30\u00a0% des m\u00e9nages disposaient d\u2019un acc\u00e8s quotidien \u00e0 l&rsquo;eau, un chiffre qui a fortement chut\u00e9 depuis le d\u00e9but de l\u2019offensive isra\u00e9lienne.<a class=\"note-ref\" href=\"https:\/\/www.tni.org\/fr\/article\/ecocide-imperialism-and-palestine-liberation#note-19049-19\"><sup>19<\/sup><\/a>\u00a0L\u2019\u00c9tat d\u2019Isra\u00ebl ne se contente pas de bloquer l&rsquo;approvisionnement en eau propre et en quantit\u00e9 suffisante dans l\u2019enclave de Gaza, il emp\u00eache \u00e9galement la construction ou la r\u00e9paration d\u2019infrastructures de gestion des eaux en bloquant l\u2019acheminement des mat\u00e9riaux n\u00e9cessaires. Les cons\u00e9quences sont dramatiques\u00a0: avant le d\u00e9but du g\u00e9nocide, 90 \u00e0 95\u00a0% de l&rsquo;eau \u00e0 Gaza \u00e9tait impropre \u00e0 la consommation et inutilisable pour l\u2019irrigation.<a class=\"note-ref\" href=\"https:\/\/www.tni.org\/fr\/article\/ecocide-imperialism-and-palestine-liberation#note-19049-20\"><sup>20<\/sup><\/a>\u00a0La pollution de l\u2019eau \u00e9tait \u00e0 l&rsquo;origine de plus de 26\u00a0% des maladies signal\u00e9es et constituait l&rsquo;une des premi\u00e8res causes de mortalit\u00e9 infantile, responsable de plus de 12\u00a0% des d\u00e9c\u00e8s d\u2019enfants gazaouis.<a class=\"note-ref\" href=\"https:\/\/www.tni.org\/fr\/article\/ecocide-imperialism-and-palestine-liberation#note-19049-21\"><sup>21<\/sup><\/a>\u00a0En f\u00e9vrier 2025, alors que la violence g\u00e9nocidaire se poursuit et que la famine s\u2019aggrave, Oxfam estimait l\u2019eau disponible \u00e0 Gaza \u00e0 5,7 litres d\u2019eau par jour et par personne.<a class=\"note-ref\" href=\"https:\/\/www.tni.org\/fr\/article\/ecocide-imperialism-and-palestine-liberation#note-19049-22\"><sup>22<\/sup><\/a><\/p>\n<p>Dans un tel contexte de restrictions de l&rsquo;acc\u00e8s \u00e0 l&rsquo;eau, les impacts du changement climatique sur la qualit\u00e9 et la disponibilit\u00e9 de l&rsquo;eau seront d\u00e9vastateurs, en particulier \u00e0 Gaza.<\/p>\n<\/div>\n<\/div>\n<\/div>\n<\/div>\n<\/div>\n<div class=\"visual layout--full-width grid-container paragraph paragraph--type--image paragraph--view-mode--default\">\n<div class=\"item--with-breakout\">\n<figure class=\"figure figure--paragraph-image item--change-with-language-direction\">\n<p><figure style=\"width: 761px\" class=\"wp-caption aligncenter\"><img loading=\"lazy\" decoding=\"async\" class=\"\" src=\"https:\/\/www.tni.org\/files\/styles\/full_width_small\/public\/2025-09\/Ecocide%2C%20Imperialism%20and%20Palestine%20Liberation%204.jpg?itok=2YtKTDbY\" alt=\"Illustration by Fourate Chahal El Rekaby\" width=\"771\" height=\"432\" \/><figcaption class=\"wp-caption-text\">Illustration by Fourate Chahal El Rekaby<\/figcaption><\/figure><\/figure>\n<\/div>\n<\/div>\n<div class=\"grid-container paragraph paragraph--type--text paragraph--view-mode--default\">\n<div class=\"paragraph__inner limit-2-col\">\n<div class=\"textual\">\n<h2 class=\"paragraph__title\">\u00c9co-normalisation et greenwashing \u00e0 l\u2019\u00e8re des \u00e9nergies renouvelables<\/h2>\n<div class=\"text-formatted\">\n<div class=\"text-formatted\">\n<p>Face \u00e0 l\u2019escalade des tensions li\u00e9es \u00e0 l&rsquo;eau, \u00e0 l&rsquo;environnement et au climat auxquelles sont confront\u00e9\u00b7es les Palestinien\u00b7nes, Isra\u00ebl se pr\u00e9sente pourtant comme le champion des technologies vertes, du dessalement d\u2019eau de mer et des projets d&rsquo;\u00e9nergie renouvelable, d\u00e9ploy\u00e9s en Palestine occup\u00e9e et ailleurs. En se targuant d\u2019\u00eatre un pays d\u00e9velopp\u00e9 et engag\u00e9 pour le climat au milieu d\u2019un Moyen-Orient aride et r\u00e9gressif, l\u2019\u00c9tat h\u00e9breu utilise son image \u00ab\u00a0\u00e9colo\u00a0\u00bb pour justifier sa politique coloniale de d\u00e9possession, blanchir son r\u00e9gime de colonisation et d&rsquo;apartheid et pour occulter les crimes de guerre commis contre le peuple palestinien. Les accords d&rsquo;Abraham sign\u00e9s avec les \u00c9mirats arabes unis (EAU), Bahre\u00efn, le Maroc et le Soudan en 2020 ont permis de renforcer cette image, de m\u00eame que d\u2019autres accords conclus pour la mise en\u00a0\u0153uvre conjointe de projets environnementaux autour des \u00e9nergies renouvelables, de l&rsquo;agro-industrie et de l&rsquo;eau. Il s&rsquo;agit d&rsquo;une manifestation de l\u2019\u00e9co-normalisation, qui consiste \u00e0 utiliser une forme d&rsquo; \u00ab\u00a0\u00e9cologisme\u00a0\u00bb pour blanchir et normaliser les oppressions et injustices environnementales engendr\u00e9es dans le monde arabe et ailleurs.<a class=\"note-ref\" href=\"https:\/\/www.tni.org\/fr\/article\/ecocide-imperialism-and-palestine-liberation#note-19049-23\"><sup>23<\/sup><\/a><\/p>\n<p>Officialis\u00e9e en d\u00e9cembre 2020, la normalisation des relations entre le Maroc et Isra\u00ebl est issue d&rsquo;un accord entre deux puissances occupantes et facilit\u00e9 par leur protecteur imp\u00e9rial (les \u00c9tats-Unis, sous la houlette de Donald Trump), par lequel Isra\u00ebl et les \u00c9tats-Unis ont \u00e9galement reconnu la souverainet\u00e9 du Maroc sur le Sahara occidental. Depuis lors, les investissements et les accords r\u00e9alis\u00e9s par Isra\u00ebl au Maroc se sont multipli\u00e9s, en particulier dans les secteurs de l&rsquo;agroalimentaire et des \u00e9nergies renouvelables.<\/p>\n<p>Le 8 novembre 2022, lors de la COP 27 organis\u00e9e \u00e0 Charm el-Cheikh, la Jordanie et Isra\u00ebl ont sign\u00e9 un protocole d&rsquo;accord sous l&rsquo;\u00e9gide des \u00c9mirats arabes unis, afin de poursuivre une \u00e9tude de faisabilit\u00e9 pour deux projets interconnect\u00e9s, nomm\u00e9s Prosperity Blue et Prosperity Green, qui constituent les deux p\u00f4les du projet global Prosperity. En vertu de cet accord, la Jordanie ach\u00e8tera 200\u00a0millions de m\u00e8tres cubes d&rsquo;eau par an \u00e0 une station isra\u00e9lienne de dessalement d\u2019eau de mer situ\u00e9e sur la c\u00f4te m\u00e9diterran\u00e9enne, dans le cadre du projet Prosperity Blue. Cette station sera aliment\u00e9e par une centrale solaire de 600\u00a0m\u00e9gawatts (MW) install\u00e9e en Jordanie (projet Prosperity Green), qui sera construite par Masdar, une entreprise publique \u00e9miratie sp\u00e9cialis\u00e9e dans les \u00e9nergies renouvelables. La rh\u00e9torique philanthropique d\u00e9ploy\u00e9e autour du projet Prosperity Blue masque la r\u00e9alit\u00e9 du pillage des ressources en eau en Palestine orchestr\u00e9 par Isra\u00ebl depuis des dizaines d\u2019ann\u00e9es, comme nous l\u2019avons vu plus haut, et permet \u00e0 l\u2019\u00c9tat h\u00e9breu de nier sa responsabilit\u00e9 dans les p\u00e9nuries d\u2019eau qui touchent toute la r\u00e9gion, tout en se pr\u00e9sentant comme un agent de la protection de l&rsquo;environnement et de la ma\u00eetrise des technologies li\u00e9es \u00e0 l\u2019eau. L\u2019entreprise Mekorot, actrice majeure des activit\u00e9s de dessalement d\u2019eau de mer en Isra\u00ebl, se positionne comme un leader mondial dans ce domaine, en partie gr\u00e2ce \u00e0 la propagande isra\u00e9lienne d\u2019\u00e9co-blanchiment. Les b\u00e9n\u00e9fices g\u00e9n\u00e9r\u00e9s par l\u2019entreprise financent \u00e0 la fois ses propres op\u00e9rations, ainsi que l\u2019apartheid de l\u2019eau exerc\u00e9 par le gouvernement isra\u00e9lien \u00e0 l&rsquo;\u00e9gard de la population palestinienne.<\/p>\n<p>En ao\u00fbt 2022, la Jordanie a rejoint le Maroc, les \u00c9mirats arabes unis, l&rsquo;Arabie saoudite, l&rsquo;\u00c9gypte, Bahre\u00efn et Oman en signant un autre protocole d&rsquo;accord avec deux entreprises isra\u00e9liennes de production d\u2019\u00e9nergie, Enlight Green Energy (ENLT) et NewMed Energy, afin de mettre en \u0153uvre des projets d&rsquo;\u00e9nergie renouvelable dans toute la r\u00e9gion, notamment dans les domaines de l\u2019\u00e9nergie solaire, de l&rsquo;\u00e9nergie \u00e9olienne et du stockage de l&rsquo;\u00e9nergie. Ces initiatives renforcent l&rsquo;image d&rsquo;Isra\u00ebl en tant que plaque tournante de l&rsquo;innovation en mati\u00e8re d&rsquo;\u00e9nergies renouvelables, tout en lui permettant de poursuivre son projet de colonisation et d&rsquo;\u00e9tendre son influence g\u00e9opolitique dans la r\u00e9gion. L&rsquo;objectif est d&rsquo;int\u00e9grer Isra\u00ebl aux sph\u00e8res \u00e9nerg\u00e9tico-\u00e9conomiques du monde arabe en lui conf\u00e9rant une position dominante, et en cr\u00e9ant de nouvelles d\u00e9pendances qui renforcent la dynamique de normalisation et pr\u00e9sentent l&rsquo;\u00c9tat h\u00e9breu comme un partenaire indispensable. Face \u00e0 l&rsquo;aggravation des crises \u00e9cologique et climatique, les pays qui d\u00e9pendent de l&rsquo;\u00e9nergie, de l&rsquo;eau ou des technologies contr\u00f4l\u00e9es par Isra\u00ebl pourraient en venir \u00e0 consid\u00e9rer que la lutte de lib\u00e9ration des Palestinien\u00b7nes passe au second plan, cherchant avant tout \u00e0 s\u00e9curiser leur propre acc\u00e8s \u00e0 ces ressources.<\/p>\n<p>L&rsquo;implication d&rsquo;entreprises des pays du Golfe, telles que la soci\u00e9t\u00e9 saoudienne ACWA Power et l\u2019\u00e9miratie Masdar dans ces projets coloniaux met en \u00e9vidence une caract\u00e9ristique structurelle majeure du monde arabe. Plut\u00f4t que de consid\u00e9rer la r\u00e9gion comme un ensemble homog\u00e8ne, il est essentiel d\u2019identifier les hi\u00e9rarchies et les in\u00e9galit\u00e9s internes qui la structurent. La r\u00e9gion du Golfe fonctionne comme une force semi-p\u00e9riph\u00e9rique, voire sous-imp\u00e9rialiste. Non seulement les pays du Golfe sont nettement plus riches que leurs voisins, mais ils participent \u00e9galement \u00e0 la capture et la ponction de la plus-value \u00e0 l\u2019\u00e9chelle r\u00e9gionale, reproduisant ainsi les dynamiques d&rsquo;extraction, de marginalisation et d&rsquo;accumulation par d\u00e9possession qui caract\u00e9risent les relations entre les centres imp\u00e9riaux et leurs p\u00e9riph\u00e9ries.<\/p>\n<\/div>\n<\/div>\n<\/div>\n<\/div>\n<\/div>\n<div class=\"visual layout--full-width grid-container paragraph paragraph--type--image paragraph--view-mode--default\">\n<div class=\"item--with-breakout\">\n<figure class=\"figure figure--paragraph-image item--change-with-language-direction\">\n<p><figure style=\"width: 752px\" class=\"wp-caption aligncenter\"><img loading=\"lazy\" decoding=\"async\" class=\"\" src=\"https:\/\/www.tni.org\/files\/styles\/full_width_small\/public\/2025-09\/Ecocide%2C%20Imperialism%20and%20Palestine%20Liberation%205%20bis.jpg?itok=FweLJESu\" alt=\"Illustration by Fourate Chahal El Rekaby\" width=\"762\" height=\"427\" \/><figcaption class=\"wp-caption-text\">Illustration by Fourate Chahal El Rekaby<\/figcaption><\/figure><\/figure>\n<\/div>\n<\/div>\n<div class=\"grid-container paragraph paragraph--type--text paragraph--view-mode--default\">\n<div class=\"paragraph__inner limit-2-col\">\n<div class=\"textual\">\n<h2 class=\"paragraph__title\">Croisade contre la nature et \u00e9cocide \u00e0 Gaza<\/h2>\n<div class=\"text-formatted\">\n<div class=\"text-formatted\">\n<p>Les crimes horribles qu&rsquo;Isra\u00ebl commet actuellement contre la population et les milieux naturels \u00e0 Gaza sont le prolongement d&rsquo;une offensive de longue date qui continue de s\u2019intensifier, comme le souligne Shourideh C. Molavi dans son livre\u00a0<em>Environmental Warfare in Gaza<\/em>. En rejetant l\u2019id\u00e9e que l&rsquo;environnement ne serait que le d\u00e9cor inerte du conflit, Molavi montre comment les pratiques coloniales de l\u2019\u00c9tat d\u2019Isra\u00ebl instrumentalisent les composantes environnementales pour mener une guerre militaire \u00e0 l\u2019int\u00e9rieur, et autour de la bande de Gaza.<a class=\"note-ref\" href=\"https:\/\/www.tni.org\/fr\/article\/ecocide-imperialism-and-palestine-liberation#note-19049-24\"><sup>24<\/sup><\/a>\u00a0Dans cette guerre, la destruction des zones r\u00e9sidentielles va de pair avec la d\u00e9vastation des espaces agricoles \u00e0 Gaza.<\/p>\n<p>En ravageant des terres, en imposant aux agriculteur\u00b7trices palestinien\u00b7nes des restrictions sur les types et la taille des cultures autoris\u00e9es, et en \u00e9radiquant pratiquement toutes les oliveraies et les plantations traditionnelles d&rsquo;agrumes, Isra\u00ebl d\u00e9ploie \u00e0 Gaza une violence d\u2019ordre \u00e9cologique. Outre les incursions et les massacres \u00e0 r\u00e9p\u00e9tition, les bulldozers isra\u00e9liens traversent r\u00e9guli\u00e8rement la bande de Gaza pour d\u00e9cimer les cultures et d\u00e9truire les serres agricoles. Comme cela a \u00e9t\u00e9 document\u00e9 par le groupe de recherche londonien Forensic Architecture, l\u2019\u00c9tat h\u00e9breu a petit \u00e0 petit \u00e9tendu la superficie de son no-man\u2019s land militaris\u00e9, dite \u00ab\u00a0zone tampon\u00a0\u00bb, le long de la fronti\u00e8re orientale de Gaza.<\/p>\n<p>Depuis 2014, Isra\u00ebl a \u00e9galement recours \u00e0 un arsenal chimique pour pulv\u00e9riser r\u00e9guli\u00e8rement des herbicides toxiques au moyen d\u2019avions pulv\u00e9risateurs qui d\u00e9truisent les plantations agricoles palestiniennes sur de vastes portions de territoire dans l\u2019enclave de Gaza.<a class=\"note-ref\" href=\"https:\/\/www.tni.org\/fr\/article\/ecocide-imperialism-and-palestine-liberation#note-19049-25\"><sup>25<\/sup><\/a>\u00a0Le minist\u00e8re palestinien de l&rsquo;agriculture estime qu\u2019entre 2014 et 2018, les pulv\u00e9risations a\u00e9riennes d&rsquo;herbicides ont endommag\u00e9 plus de 13\u00a0kilom\u00e8tres carr\u00e9s de terres agricoles \u00e0 Gaza.<a class=\"note-ref\" href=\"https:\/\/www.tni.org\/fr\/article\/ecocide-imperialism-and-palestine-liberation#note-19049-26\"><sup>26<\/sup><\/a>\u00a0Mais les impacts de ces produits chimiques ne se limitent pas aux cultures\u00a0; en effet, l\u2019ONG palestinienne de d\u00e9fense des droits humains Al-Mezan a averti que le b\u00e9tail consommant des plantes contamin\u00e9es chimiquement pourrait repr\u00e9senter un danger pour la sant\u00e9 humaine via la cha\u00eene alimentaire.<a class=\"note-ref\" href=\"https:\/\/www.tni.org\/fr\/article\/ecocide-imperialism-and-palestine-liberation#note-19049-27\"><sup>27<\/sup><\/a><\/p>\n<p>Avant m\u00eame le d\u00e9but du g\u00e9nocide, ces pratiques avaient ravag\u00e9 des parcelles enti\u00e8res de terres arables, privant les agriculteur\u00b7trices gazaoui\u00b7es de leurs moyens de subsistance tout en offrant \u00e0 l&rsquo;arm\u00e9e isra\u00e9lienne une meilleure visibilit\u00e9 pour cibler \u00e0 distance et mener des attaques meurtri\u00e8res.<a class=\"note-ref\" href=\"https:\/\/www.tni.org\/fr\/article\/ecocide-imperialism-and-palestine-liberation#note-19049-28\"><sup>28<\/sup><\/a>\u00a0En cons\u00e9quence, et contrairement aux vastes cultures irrigu\u00e9es de fraises, de melons, d\u2019herbes aromatiques et de choux qui prosp\u00e8rent dans les colonies isra\u00e9liennes avoisinantes, les terres agricoles de Gaza semblent st\u00e9riles et sans vie, non pas par nature mais\u00a0<em>\u00e0 dessein<\/em>. Au lieu de \u00ab\u00a0faire fleurir le d\u00e9sert\u00a0\u00bb, les colonisateur\u00b7trices sont engag\u00e9\u00b7es dans un processus de d\u00e9sertification en transformant des terres agricoles autrefois fertiles en un espace aride et d\u00e9sol\u00e9, amput\u00e9 de sa v\u00e9g\u00e9tation.<\/p>\n<p>C&rsquo;est dans ce contexte de reconfiguration brutale du paysage biopolitique de Gaza (et de la Palestine historique dans son ensemble) par la colonisation qu\u2019a eu lieu l&rsquo;attaque du Hamas du 7 octobre. Depuis, les crimes commis par Isra\u00ebl \u00e0 Gaza peuvent d\u00e9sormais \u00eatre qualifi\u00e9s d&rsquo;\u00e9cocide. L&rsquo;\u00e9tendue des dommages sur le territoire n&rsquo;a pas encore \u00e9t\u00e9 document\u00e9e, et les statistiques sont rapidement d\u00e9pass\u00e9es \u00e0 mesure que l\u2019\u00c9tat h\u00e9breu perp\u00e9tue le g\u00e9nocide. On peut n\u00e9anmoins citer ici quelques faits \u00e9tablis.<\/p>\n<p>Comme le montre le groupe de recherche Forensic Architecture, dont les analyses s\u2019appuient sur des images satellite, depuis le mois d\u2019octobre 2023, les forces isra\u00e9liennes ont syst\u00e9matiquement pris pour cible des vergers et des serres, dans une volont\u00e9 d\u00e9lib\u00e9r\u00e9e de commettre un \u00e9cocide et d\u2019aggraver la famine catastrophique qui s\u00e9vit actuellement \u00e0 Gaza, et qui s&rsquo;inscrit dans une strat\u00e9gie plus large qui consiste \u00e0 priver la population palestinienne des ressources dont elle a besoin pour survivre.<a class=\"note-ref\" href=\"https:\/\/www.tni.org\/fr\/article\/ecocide-imperialism-and-palestine-liberation#note-19049-29\"><sup>29<\/sup><\/a>\u00a0En mars 2024, environ 40\u00a0% des terres de Gaza utilis\u00e9es pour la production agro-alimentaire avaient \u00e9t\u00e9 ravag\u00e9es, tandis que pr\u00e8s d&rsquo;un tiers des serres avaient \u00e9t\u00e9 d\u00e9truites, un chiffre qui s\u2019\u00e9l\u00e8ve \u00e0 90\u00a0% dans le nord et environ 40\u00a0% autour de la ville de Khan Younis,<a class=\"note-ref\" href=\"https:\/\/www.tni.org\/fr\/article\/ecocide-imperialism-and-palestine-liberation#note-19049-30\"><sup>30<\/sup><\/a>\u00a0au sud de la bande de Gaza. En outre, l&rsquo;analyse des images satellite transmises au journal\u00a0<em>The Guardian<\/em>\u00a0en mars 2024 montre qu\u2019\u00e0 cette date, pr\u00e8s de la moiti\u00e9 de la couverture arbor\u00e9e et des terres agricoles de Gaza avaient \u00e9t\u00e9 an\u00e9anties, notamment par l&rsquo;usage ill\u00e9gal de phosphore blanc. Comme le d\u00e9crit un article du\u00a0<em>Guardian<\/em>, les oliveraies et les fermes ont \u00e9t\u00e9 r\u00e9duites \u00e0 des tas de poussi\u00e8re, les munitions et les toxines contaminent les sols et les eaux souterraines, et l&rsquo;air est pollu\u00e9 par la fum\u00e9e et les particules toxiques.<a class=\"note-ref\" href=\"https:\/\/www.tni.org\/fr\/article\/ecocide-imperialism-and-palestine-liberation#note-19049-31\"><sup>31<\/sup><\/a>\u00a0Il est tr\u00e8s probable que la situation se soit consid\u00e9rablement aggrav\u00e9e depuis la r\u00e9daction de ces articles.<\/p>\n<p>La rupture de l&rsquo;approvisionnement en eau constitue l&rsquo;une des facettes les plus meurtri\u00e8res de l&rsquo;\u00e9cocide perp\u00e9tr\u00e9 par Isra\u00ebl \u00e0 Gaza. Avant m\u00eame le d\u00e9but du g\u00e9nocide, environ 95\u00a0% des ressources en eau de l&rsquo;unique nappe phr\u00e9atique de Gaza \u00e9taient contamin\u00e9es et impropres \u00e0 la consommation ou \u00e0 l&rsquo;irrigation, cons\u00e9quence du blocus inhumain et des attaques r\u00e9guli\u00e8res commises par Isra\u00ebl pour emp\u00eacher la cr\u00e9ation et la r\u00e9paration d&rsquo;infrastructures de gestion des eaux et d&rsquo;usines de dessalement. Depuis octobre 2023, les installations et les infrastructures hydrauliques \u00e0 Gaza ont \u00e9t\u00e9 totalement d\u00e9truites, ce qui a entra\u00een\u00e9 une rupture de l&rsquo;approvisionnement en eau potable et de gestion des eaux us\u00e9es. Cette situation provoque de nombreux cas de d\u00e9shydratation et des maladies, comme la typho\u00efde.<\/p>\n<p>Outre les destructions directes caus\u00e9es par les attaques militaires, le manque de combustible a contraint les habitant\u00b7es de Gaza \u00e0 abattre des arbres pour pouvoir cuisiner ou se chauffer, ce qui vient aggraver la rar\u00e9faction des arbres dont souffre actuellement le territoire. En parall\u00e8le, m\u00eame les sols qui subsistent sont menac\u00e9s par les bombardements isra\u00e9liens et les destructions. Selon le Programme des Nations unies pour l&rsquo;environnement (PNUE), bombarder des zones peupl\u00e9es de mani\u00e8re intensive g\u00e9n\u00e8re une contamination des sols et des eaux souterraines sur le long terme, \u00e0 cause de l\u2019afflux de munitions et parce que les b\u00e2timents effondr\u00e9s lib\u00e8rent des substances dangereuses telles que l&rsquo;amiante, des produits chimiques industriels et du carburant dans l&rsquo;air, les sols et les eaux souterraines.<a class=\"note-ref\" href=\"https:\/\/www.tni.org\/fr\/article\/ecocide-imperialism-and-palestine-liberation#note-19049-32\"><sup>32<\/sup><\/a>\u00a0En juillet 2024, le PNUE estimait que les bombardements avaient g\u00e9n\u00e9r\u00e9 plus de 40\u00a0millions de tonnes de d\u00e9bris et de substances nocives, recouvrant pour la plupart des restes humains. Il faudra 15\u00a0ans pour d\u00e9blayer les d\u00e9combres de Gaza, pour un co\u00fbt qui pourrait s\u2019\u00e9lever \u00e0 plus de 600\u00a0millions de dollars.<a class=\"note-ref\" href=\"https:\/\/www.tni.org\/fr\/article\/ecocide-imperialism-and-palestine-liberation#note-19049-33\"><sup>33<\/sup><\/a><\/p>\n<p>L&rsquo;\u00e9cocide perp\u00e9tr\u00e9 par Isra\u00ebl \u00e0 Gaza s&rsquo;\u00e9tend jusqu\u2019\u00e0 la mer et au-del\u00e0, la c\u00f4te m\u00e9diterran\u00e9enne \u00e9tant d\u00e9sormais satur\u00e9e d\u2019eaux us\u00e9es et de d\u00e9chets. Apr\u00e8s qu\u2019Isra\u00ebl a coup\u00e9 l&rsquo;approvisionnement en carburant de Gaza apr\u00e8s le 7 octobre, les coupures d&rsquo;\u00e9lectricit\u00e9 ont emp\u00each\u00e9 le pompage des eaux us\u00e9es vers les stations d&rsquo;\u00e9puration, et 100\u00a0000\u00a0m\u00e8tres cubes par jour d&rsquo;eaux us\u00e9es ont \u00e9t\u00e9 d\u00e9vers\u00e9s dans la M\u00e9diterran\u00e9e. Outre la destruction des infrastructures sanitaires, les attaques contre les h\u00f4pitaux et le personnel de sant\u00e9, et les restrictions s\u00e9v\u00e8res impos\u00e9es \u00e0 l&rsquo;entr\u00e9e de fournitures m\u00e9dicales sur le territoire, cette situation a cr\u00e9\u00e9 les conditions \u00ab\u00a0parfaites\u00a0\u00bb propices \u00e0 l&rsquo;apparition de maladies infectieuses, telles que le chol\u00e9ra, et \u00e0 la r\u00e9surgence de maladies autrefois \u00e9radiqu\u00e9es par la vaccination, comme la polio.<a class=\"note-ref\" href=\"https:\/\/www.tni.org\/fr\/article\/ecocide-imperialism-and-palestine-liberation#note-19049-34\"><sup>34<\/sup><\/a><\/p>\n<p>La longue liste des destructions d\u00e9crites dans les paragraphes pr\u00e9c\u00e9dents ont conduit de nombreux expert\u00b7es et observateur\u00b7trices \u00e0 affirmer que les attaques r\u00e9p\u00e9t\u00e9es d&rsquo;Isra\u00ebl contre les \u00e9cosyst\u00e8mes \u00e0 Gaza ont rendu le territoire invivable.<\/p>\n<\/div>\n<\/div>\n<\/div>\n<\/div>\n<\/div>\n<div class=\"visual layout--full-width grid-container paragraph paragraph--type--image paragraph--view-mode--default\">\n<div class=\"item--with-breakout\">\n<figure class=\"figure figure--paragraph-image item--change-with-language-direction\">\n<p><figure style=\"width: 834px\" class=\"wp-caption aligncenter\"><img loading=\"lazy\" decoding=\"async\" src=\"https:\/\/www.tni.org\/files\/styles\/full_width_small\/public\/2025-09\/Ecocide%2C%20Imperialism%20and%20Palestine%20Liberation%206bis.jpg?itok=M3kFOiBE\" alt=\"Illustration by Fourate Chahal El Rekaby\" width=\"844\" height=\"473\" \/><figcaption class=\"wp-caption-text\">Illustration by Fourate Chahal El Rekaby<\/figcaption><\/figure><\/figure>\n<\/div>\n<\/div>\n<div class=\"grid-container paragraph paragraph--type--text paragraph--view-mode--default\">\n<div class=\"paragraph__inner limit-2-col\">\n<div class=\"textual\">\n<h2 class=\"paragraph__title\">La Palestine contre l&rsquo;imp\u00e9rialisme am\u00e9ricain et le capitalisme fossile mondial<\/h2>\n<div class=\"text-formatted\">\n<div class=\"text-formatted\">\n<p>Lors de la COP 28, sommet sur le climat qui s&rsquo;est tenu \u00e0 Duba\u00ef en d\u00e9cembre 2023, le pr\u00e9sident colombien Gustavo Petro a d\u00e9clar\u00e9 que \u00ab\u00a0Le g\u00e9nocide et les actes barbares perp\u00e9tr\u00e9s contre le peuple palestinien sont ce qui attend ceux qui fuient les Suds \u00e0 cause de la crise climatique&#8230; Ce dont nous sommes t\u00e9moins \u00e0 Gaza est une r\u00e9p\u00e9tition du spectacle de l&rsquo;avenir. \u00bb<a class=\"note-ref\" href=\"https:\/\/www.tni.org\/fr\/article\/ecocide-imperialism-and-palestine-liberation#note-19049-35\"><sup>35<\/sup><\/a>\u00a0Comme le dit si bien le pr\u00e9sident colombien, le g\u00e9nocide \u00e0 Gaza est un avertissement de ce qui nous attend si nous ne nous organisons pas et ne r\u00e9sistons pas. L&#8217;empire et ses classes dirigeantes sont pr\u00eats \u00e0 sacrifier des millions de personnes noires, basan\u00e9es et blanches de la classe ouvri\u00e8re pour garantir l&rsquo;accumulation du capital et perp\u00e9tuer leur domination. Cela se refl\u00e8te clairement dans le refus de ces \u00e9lites, lors de la COP 29 \u00e0 Bakou, de s&rsquo;engager en faveur de l&rsquo;action climatique tout en continuant \u00e0 financer le g\u00e9nocide \u00e0 Gaza, de m\u00eame que dans l\u2019apartheid autour de l\u2019acc\u00e8s aux vaccins lors de la pand\u00e9mie de COVID-19.<\/p>\n<p>Cela r\u00e9v\u00e8le \u00e9galement comment la guerre et les complexes militaro-industriels alimentent la crise climatique. En effet, l&rsquo;arm\u00e9e am\u00e9ricaine est l\u2019institution qui \u00e9met le plus de CO2 au monde.<a class=\"note-ref\" href=\"https:\/\/www.tni.org\/fr\/article\/ecocide-imperialism-and-palestine-liberation#note-19049-36\"><sup>36<\/sup><\/a>\u00a0Pour ce qui est de la guerre g\u00e9nocidaire \u00e0 Gaza, les \u00e9missions g\u00e9n\u00e9r\u00e9es par l\u2019\u00c9tat d\u2019Isra\u00ebl ont d\u00e9pass\u00e9, en deux mois seulement, les \u00e9missions annuelles de carbone d\u2019une vingtaine des pays les plus vuln\u00e9rables au changement climatique, et sont caus\u00e9es en grande partie par les vols cargo de l&rsquo;arm\u00e9e am\u00e9ricaine et la fabrication d&rsquo;armes.<a class=\"note-ref\" href=\"https:\/\/www.tni.org\/fr\/article\/ecocide-imperialism-and-palestine-liberation#note-19049-37\"><sup>37<\/sup><\/a>\u00a0Les \u00c9tats-Unis ne se contentent pas de faciliter un g\u00e9nocide, ils contribuent \u00e9galement activement \u00e0 l&rsquo;\u00e9cocide commis en Palestine. Mais le lien entre la premi\u00e8re puissance mondiale et ce qui se passe en Palestine est encore plus profond. La lutte pour la lib\u00e9ration des Palestinien\u00b7nes est indissociable de la r\u00e9sistance contre le capitalisme fossile et l&rsquo;imp\u00e9rialisme am\u00e9ricain. La Palestine est situ\u00e9e au c\u0153ur du Moyen-Orient, une r\u00e9gion qui occupe une place centrale dans l&rsquo;\u00e9conomie capitaliste mondiale, non seulement en raison des flux commerciaux et financiers qu\u2019elle concentre, mais aussi car celle-ci constitue le noyau du syst\u00e8me mondial des combustibles fossiles, assurant environ\u00a035 % de la production de p\u00e9trole \u00e0 l\u2019\u00e9chelle mondiale.<a class=\"note-ref\" href=\"https:\/\/www.tni.org\/fr\/article\/ecocide-imperialism-and-palestine-liberation#note-19049-38\"><sup>38<\/sup><\/a>\u00a0En parall\u00e8le, Isra\u00ebl cherche \u00e0 devenir une plaque tournante r\u00e9gionale de la production d\u2019\u00e9nergie, notamment gr\u00e2ce aux gisements de gaz comme les champs de Tamar et Leviathan en M\u00e9diterran\u00e9e, pour lesquels le pays a accord\u00e9 de nouvelles licences d&rsquo;exploration gazi\u00e8re, quelques semaines seulement apr\u00e8s le d\u00e9but de sa guerre g\u00e9nocidaire \u00e0 Gaza.<\/p>\n<p>L\u2019h\u00e9g\u00e9monie am\u00e9ricaine au Moyen-Orient, et ses effets sur le syst\u00e8me du capitalisme fossile mondial, repose sur deux piliers\u00a0: l\u2019\u00c9tat d\u2019Isra\u00ebl et les monarchies du Golfe. Le premier, d\u00e9crit par l&rsquo;ancien secr\u00e9taire d&rsquo;\u00c9tat am\u00e9ricain Alexander Haig comme \u00ab\u00a0le plus grand porte-avions am\u00e9ricain au monde, impossible \u00e0 couler\u00a0\u00bb, repr\u00e9sente le point d\u2019ancrage\u00a0\u00a0de l&#8217;empire am\u00e9ricain dans la r\u00e9gion en participant au contr\u00f4le des ressources en combustibles fossiles, ce qui ouvre la voie \u00e0 l\u2019innovation en mati\u00e8re de technologies de surveillance et d&rsquo;armement. Son int\u00e9gration dans l\u2019\u00e9conomie de la r\u00e9gion s\u2019op\u00e8re par le biais de secteurs tels que l&rsquo;agro-industrie, les \u00e9nergies et la d\u00e9salinisation. Pour renforcer leur domination, les \u00c9tats-Unis et leurs alli\u00e9s s&#8217;emploient activement \u00e0 normaliser la position d&rsquo;Isra\u00ebl dans la r\u00e9gion. Ce processus a d\u00e9but\u00e9 avec les accords de Camp David de 1978 et le trait\u00e9 de paix sign\u00e9 entre Isra\u00ebl et la Jordanie en 1994, suivis par les accords d&rsquo;Abraham conclus en 2020 avec les \u00c9mirats arabes unis, Bahre\u00efn, le Soudan et le Maroc. Avant le 7 octobre, la normalisation des relations entre Isra\u00ebl et l\u2019Arabie saoudite \u00e9tait imminente, dans le cadre d&rsquo;un accord con\u00e7u sous l\u2019\u00e9gide des \u00c9tats-Unis qui aurait an\u00e9anti la cause palestinienne. Les actions de la r\u00e9sistance palestinienne ont perturb\u00e9 ces plans.<\/p>\n<p>Tout cela d\u00e9montre que la lib\u00e9ration du peuple palestinien ne rel\u00e8ve pas simplement d\u2019une question de morale ou de droits humains\u00a0; il s&rsquo;agit d&rsquo;une confrontation directe avec l&rsquo;imp\u00e9rialisme am\u00e9ricain et le syst\u00e8me du capitalisme fossile. C&rsquo;est pourquoi la lib\u00e9ration de la Palestine doit \u00eatre un enjeu central des luttes en faveur de l&rsquo;environnement et de la justice climatique \u00e0 l\u2019\u00e9chelle mondiale. Cela implique de s&rsquo;opposer \u00e0 la normalisation d\u2019Isra\u00ebl et de soutenir le mouvement Boycott, d\u00e9sinvestissement et sanctions (BDS), notamment dans le domaine des technologies vertes et des \u00e9nergies renouvelables. Il ne peut y avoir de justice climatique sans d\u00e9manteler la colonie sioniste d&rsquo;Isra\u00ebl et renverser les r\u00e9gimes r\u00e9actionnaires des pays du Golfe. La Palestine est en premi\u00e8re ligne sur le front international contre le colonialisme, l&rsquo;imp\u00e9rialisme, le capitalisme fossile et la supr\u00e9matie blanche. C&rsquo;est pourquoi les mouvements pour la justice climatique et les organisations antiracistes et anti-imp\u00e9rialistes doivent soutenir la lutte de lib\u00e9ration, et d\u00e9fendre le droit des Palestinien\u00b7nes \u00e0 r\u00e9sister par tous les moyens n\u00e9cessaires.<\/p>\n<\/div>\n<\/div>\n<\/div>\n<\/div>\n<\/div>\n<div class=\"visual layout--full-width grid-container paragraph paragraph--type--image paragraph--view-mode--default\">\n<div class=\"item--with-breakout\">\n<figure class=\"figure figure--paragraph-image item--change-with-language-direction\">\n<p><figure style=\"width: 816px\" class=\"wp-caption aligncenter\"><img loading=\"lazy\" decoding=\"async\" src=\"https:\/\/www.tni.org\/files\/styles\/full_width_small\/public\/2025-09\/Ecocide%2C%20Imperialism%20and%20Palestine%20Liberation%207.jpg?itok=ahqyPWj7\" alt=\"Illustration by Fourate Chahal El Rekaby\" width=\"826\" height=\"463\" \/><figcaption class=\"wp-caption-text\">Illustration by Fourate Chahal El Rekaby<\/figcaption><\/figure><\/figure>\n<\/div>\n<\/div>\n<div class=\"grid-container paragraph paragraph--type--text paragraph--view-mode--default\">\n<div class=\"paragraph__inner limit-2-col\">\n<div class=\"textual\">\n<h2 class=\"paragraph__title\">R\u00e9sistance et \u00e9co-soumoud<\/h2>\n<div class=\"text-formatted\">\n<div class=\"text-formatted\">\n<p>Face au cataclysme qu\u2019elle subit, la population palestinienne continue de r\u00e9sister et de nous inspirer jour apr\u00e8s jour par son\u00a0<em>soumoud<\/em>\u00a0(d\u00e9termination, fermet\u00e9). Ce terme a de multiples significations. La chercheuse et militante palestinienne Manal Shqair le d\u00e9finit comme un ensemble de pratiques quotidiennes de r\u00e9sistance et d&rsquo;adaptation aux difficult\u00e9s de la vie quotidienne sous la domination coloniale impos\u00e9e par Isra\u00ebl.<a class=\"note-ref\" href=\"https:\/\/www.tni.org\/fr\/article\/ecocide-imperialism-and-palestine-liberation#note-19049-39\"><sup>39<\/sup><\/a>\u00a0Le terme fait \u00e9galement r\u00e9f\u00e9rence \u00e0 la persistance du peuple palestinien \u00e0 demeurer sur ses terres, et \u00e0 pr\u00e9server son identit\u00e9 et sa culture face \u00e0 la d\u00e9possession et aux discours qui pr\u00e9sentent les colons juif\u00b7ves comme la seule population l\u00e9gitime de la r\u00e9gion.<a class=\"note-ref\" href=\"https:\/\/www.tni.org\/fr\/article\/ecocide-imperialism-and-palestine-liberation#note-19049-40\"><sup>40<\/sup><\/a><\/p>\n<p>En introduisant le concept d\u2019<em>\u00e9co-soumoud<\/em>, qui renvoie aux actes quotidiens de t\u00e9nacit\u00e9 des Palestinien\u00b7nes qui emploient des moyens \u00e9cologiques ancr\u00e9s dans la terre afin de maintenir un lien profond avec celle-ci, les travaux de Manal Shqair nous permettent d\u2019approfondir notre compr\u00e9hension de la pers\u00e9v\u00e9rance du peuple palestinien. Cette notion englobe les savoirs autochtones, les valeurs culturelles et les pratiques quotidiennes que les Palestinien\u00b7nes mettent en\u00a0\u0153uvre pour r\u00e9sister \u00e0 la rupture violente de leur lien avec la terre. L&rsquo;<em>\u00e9co-soumoud\u00a0<\/em>repose sur l&rsquo;id\u00e9e que les seules r\u00e9ponses viables aux crises \u00e9cologique et climatique sont celles qui soutiennent la qu\u00eate de justice, de souverainet\u00e9 et d&rsquo;autod\u00e9termination du peuple palestinien, en mettant fin au r\u00e9gime isra\u00e9lien d&rsquo;occupation et d&rsquo;apartheid qui, en tant que colonie de peuplement, doit \u00eatre d\u00e9mantel\u00e9. La pratique de l&rsquo;<em>\u00e9co-soumoud<\/em>\u00a0est ancr\u00e9e dans la foi qu\u2019il est possible de vaincre le colonialisme isra\u00e9lien, et v\u00e9hicule l\u2019aspiration in\u00e9branlable des populations colonis\u00e9es \u00e0 \u00eatre elles-m\u00eames ma\u00eetresses de leur destin.<\/p>\n<p>La r\u00e9sistance h\u00e9ro\u00efque dont font preuve les Palestinien\u00b7nes, qui s\u2019exprime \u00e0 travers la notion d\u2019<em>\u00e9co-soumoud<\/em>\u00a0et par un profond attachement \u00e0 la terre, est une source d&rsquo;inspiration pour les mouvements progressistes du monde entier, en lutte pour un monde plus juste face \u00e0 des d\u00e9sastres qui s\u2019accumulent. Pour conclure ce chapitre, on peut citer l&rsquo;\u00e9comarxiste Andreas Malm, qui \u00e9tablit un parall\u00e8le poignant entre la r\u00e9sistance du peuple palestinien et la lutte contre le r\u00e9chauffement climatique\u00a0:<\/p>\n<p>\u00ab\u00a0<em>Qu&rsquo;est-ce que le front climatique peut apprendre de la r\u00e9sistance palestinienne\u00a0? Que m\u00eame lorsque la catastrophe est int\u00e9grale, implacable et ininterrompue, nous continuons \u00e0 r\u00e9sister. M\u00eame lorsqu&rsquo;il est trop tard, lorsque tout a \u00e9t\u00e9 perdu, lorsque les terres ont \u00e9t\u00e9 saccag\u00e9es, nous sortons des d\u00e9combres et nous nous battons. Nous ne c\u00e9dons pas, nous ne nous rendons pas, nous n&rsquo;abandonnons pas, car les Palestinien\u00b7nes ne meurent pas. Les Palestinien\u00b7nes ne seront jamais vaincu\u00b7es. Une arm\u00e9e puissante est perdante si elle ne gagne pas, mais une arm\u00e9e de r\u00e9sistance faible est gagnante tant qu\u2019elle ne perd pas. J&rsquo;esp\u00e8re que la guerre en cours \u00e0 Gaza se terminera avec une r\u00e9sistance intacte, ce qui serait une victoire. La p\u00e9rennit\u00e9 de la r\u00e9sistance palestinienne serait en soi une victoire, car nous continuerons \u00e0 nous battre, quels que soient les d\u00e9sastres que vous d\u00e9versez sur nous. C&rsquo;est une source d&rsquo;inspiration pour le front de lutte contre le changement climatique. En cela, les Palestinien\u00b7nes ne se battent pas seulement pour eux-m\u00eames. Ils et elles se battent pour l&rsquo;humanit\u00e9 toute enti\u00e8re, pour l&rsquo;id\u00e9e d&rsquo;une humanit\u00e9 qui r\u00e9siste aux catastrophes, quelle qu&rsquo;en soient les formes, et qui continue \u00e0 se battre malgr\u00e9 la sup\u00e9riorit\u00e9 \u00e9crasante de ses adversaires. Je pense qu&rsquo;il y a toutes sortes de raisons d&rsquo;\u00eatre solidaire de la r\u00e9sistance palestinienne, pour son propre bien, mais aussi pour le n\u00f4tre.\u00a0<\/em>\u00bb<a class=\"note-ref\" href=\"https:\/\/www.tni.org\/fr\/article\/ecocide-imperialism-and-palestine-liberation#note-19049-41\"><sup>41<\/sup><\/a><\/p>\n<p>La t\u00e2che qui nous attend est tr\u00e8s difficile mais, pour r\u00e9pondre \u00e0 l\u2019appel formul\u00e9 par Frantz Fanon, nous devons, dans une relative obscurit\u00e9, d\u00e9couvrir notre mission, la remplir et ne pas la trahir.<a class=\"note-ref\" href=\"https:\/\/www.tni.org\/fr\/article\/ecocide-imperialism-and-palestine-liberation#note-19049-42\"><sup>42<\/sup><\/a><\/p>\n<p class=\"block-style\"><strong>Les opinions exprim\u00e9es dans cet article sont uniquement celles des auteurs et ne refl\u00e8tent pas n\u00e9cessairement les points de vue ou les positions du TNI.<\/strong><\/p>\n<\/div>\n<\/div>\n<\/div>\n<\/div>\n<\/div>\n<\/div>\n<div class=\"content--footer stack\">\n<div class=\"article-credits item--with-border-top-large\">\n<div class=\"grid-container\">\n<div class=\"grid--2-8\">\n<div class=\"col-2 stack--small\">\n<div class=\"authors\">\n<h3 class=\"visually-hidden\">Authors<\/h3>\n<p><img loading=\"lazy\" decoding=\"async\" class=\"alignnone\" src=\"https:\/\/www.tni.org\/files\/styles\/full_width_small\/public\/2022-08\/HAMZA-4_0.jpeg?itok=ryypIH6Q\" alt=\"Hamza Hamouchene\" width=\"81\" height=\"73\" \/><\/p>\n<div class=\"items--field-authors\" translate=\"no\">\n<div class=\"item--field-authors\">\n<div class=\"full-click node node--type-profile node--view-mode-avatar node--profile--avatar\">\n<div class=\"visual--rounded visual--filtered-grey\"><picture><source srcset=\"\/files\/styles\/avatar_wide\/public\/2022-08\/HAMZA-4_0.jpeg?h=1bdbb064&amp;itok=sAJoI66z 1x\" type=\"image\/jpeg\" media=\"all and (min-width: 1024px)\" \/><source srcset=\"\/files\/styles\/avatar_wide\/public\/2022-08\/HAMZA-4_0.jpeg?h=1bdbb064&amp;itok=sAJoI66z 1x\" type=\"image\/jpeg\" media=\"all and (min-width: 768px) and (max-width: 1023px)\" \/><source srcset=\"\/files\/styles\/avatar_medium\/public\/2022-08\/HAMZA-4_0.jpeg?h=1bdbb064&amp;itok=JDFrG8og 1x\" type=\"image\/jpeg\" media=\"all and (min-width: 480px) and (max-width: 767px)\" \/><source srcset=\"\/files\/styles\/avatar_small\/public\/2022-08\/HAMZA-4_0.jpeg?h=1bdbb064&amp;itok=wUvZm3YW 1x\" type=\"image\/jpeg\" \/><\/picture><\/div>\n<p><a class=\"text--medium text--strong text--color-primary full-click__trigger lnk--primary\" translate=\"no\" href=\"https:\/\/www.tni.org\/en\/profile\/hamza-hamouchene\"><span class=\"field field--name-title field--type-string field--label-hidden\">Hamza Hamouchene<\/span><\/a>\u00a0un chercheur et militant alg\u00e9rien. Il est actuellement coordinateur du programme pour la r\u00e9gion arabe \u00e0 l\u2019Institut Transnational (TNI). Il est l\u2019auteur\/\u00e9diteur de quatre ouvrages : <em>Dismantling Green Colonialism: Energy and Climate Justice in the Arab Region<\/em>\u00a0(2023),\u00a0<em>The Arab Uprisings: A Decade of Struggles<\/em>\u00a0(2022),\u00a0<em>The Struggle for Energy Democracy in the Maghreb<\/em>\u00a0(2017), et\u00a0<em>The Coming Revolution in North Africa: The Struggle for Climate Justice<\/em>(2015).<\/div>\n<\/div>\n<\/div>\n<\/div>\n<div class=\"translators\">\n<h3>Translators<\/h3>\n<div class=\"items--with-comma items--field-translators\" translate=\"no\">\n<div class=\"item--field-translators\">Johanne Fontaine<\/div>\n<\/div>\n<\/div>\n<\/div>\n<\/div>\n<\/div>\n<\/div>\n<div class=\"default-open notes-and-sources expandable grid-container open\" lang=\"fr\" data-lt-toggleme-init=\"true\">\n<div class=\"limit-2-col\">\n<div class=\"expandable__content item--change-with-language-direction\">\n<ol class=\"items--with-counter text--medium items--field-notes-and-sources\" data-note-list=\"19049\" data-notes=\"\">\n<li id=\"note-19049-1\" class=\"item--field-notes-and-sources\" data-note-list-item=\"1\">\n<div class=\"text-formatted\">\n<p>\u00a0Davis, D.K. (2011). \u2018Imperialism, orientalism, and the environment in the Middle East: history, policy, power and practice\u2019. In: Davis and Edmund Burke (eds.),\u00a0<em>Environmental Imaginaries of the Middle East and North Africa<\/em>. Athens, Ohio: Ohio University Press.<\/p>\n<\/div>\n<\/li>\n<li id=\"note-19049-2\" class=\"item--field-notes-and-sources\" data-note-list-item=\"2\">\n<div class=\"text-formatted\">\n<p>Galai, Y. (2017). \u2018Narratives of redemption: \u201cThe international meaning of afforestation in the Israeli Negev\u201d\u2019,\u00a0<em>International Political Sociology<\/em>\u00a011, no. 3: 273-291.\u00a0<a class=\"lnk--ext\" href=\"https:\/\/doi.org\/10.1093\/ips\/olx008\" data-once=\"extlink\"><span class=\"text\">https:\/\/doi.org\/10.1093\/ips\/olx008<\/span><span class=\"icon\"><span class=\"visually-hidden\">(external link)<\/span><\/span><\/a>.<\/p>\n<\/div>\n<\/li>\n<li id=\"note-19049-3\" class=\"item--field-notes-and-sources\" data-note-list-item=\"3\">\n<div class=\"text-formatted\">\n<p>Sasa, G. (2022). \u2018Oppressive pines: Uprooting Israeli green colonialism and implanting Palestinian A\u2019wna\u2019,\u00a0<em>Politics<\/em>, 43(2), 219-235.<\/p>\n<\/div>\n<\/li>\n<li id=\"note-19049-4\" class=\"item--field-notes-and-sources\" data-note-list-item=\"4\">\n<div class=\"text-formatted\">\n<p>\u00a0\u201cRehabilitation of the Hula Valley,\u201d Water for Israel, KKL-JNF,\u00a0<a class=\"lnk--ext\" href=\"https:\/\/www.kkl-jnf.org\/organization-chief-scientist\/water-for-israel\/water_activity_hula_valley_rehabilitation\/\" data-once=\"extlink\"><span class=\"text\">https:\/\/www.kkl-jnf.org\/organization-chief-scientist\/water-for-israel\/w\u2026<\/span><span class=\"icon\"><span class=\"visually-hidden\">(external link)<\/span><\/span><\/a>.<\/p>\n<\/div>\n<\/li>\n<li id=\"note-19049-5\" class=\"item--field-notes-and-sources\" data-note-list-item=\"5\">\n<div class=\"text-formatted\">\n<p>Ibid.<\/p>\n<\/div>\n<\/li>\n<li id=\"note-19049-6\" class=\"item--field-notes-and-sources\" data-note-list-item=\"6\">\n<div class=\"text-formatted\">\n<p>Zeitoun, M. et Dajani, M. \u00ab Israel is hoarding the Jordan River \u2013 it\u2019s time to share it \u00bb,\u00a0<em>The Conversation<\/em>, 19 d\u00e9cembre 2019.\u00a0<a class=\"lnk--ext\" href=\"https:\/\/tinyurl.com\/53dad4tk\" data-once=\"extlink\"><span class=\"text\">https:\/\/tinyurl.com\/53dad4tk<\/span><span class=\"icon\"><span class=\"visually-hidden\">(external link)<\/span><\/span><\/a>.<\/p>\n<\/div>\n<\/li>\n<li id=\"note-19049-7\" class=\"item--field-notes-and-sources\" data-note-list-item=\"7\">\n<div class=\"text-formatted\">\n<p>The Grassroots Palestinian Anti-Apartheid Wall Campaign (2025) \u2018Weaponizing Water For Israel\u2019s Genocide, Apartheid and Ethnic Cleansing\u2019.\u00a0<a class=\"lnk--ext\" href=\"https:\/\/stopthewall.org\/2025\/03\/22\/weaponizing-water-for-israels-genocide-apartheid-and-ethnic-cleansing\/\" data-once=\"extlink\"><span class=\"text\">https:\/\/stopthewall.org\/2025\/03\/22\/weaponizing-water-for-israels-genoci\u2026<\/span><span class=\"icon\"><span class=\"visually-hidden\">(external link)<\/span><\/span><\/a>.<\/p>\n<\/div>\n<\/li>\n<li id=\"note-19049-8\" class=\"item--field-notes-and-sources\" data-note-list-item=\"8\">\n<div class=\"text-formatted\">\n<p>\u00a0Amnesty International, \u00ab L\u2019occupation de l\u2019eau \u00bb, 2017.\u00a0<a class=\"lnk--ext\" href=\"https:\/\/tinyurl.com\/y4cdzn35\" data-once=\"extlink\"><span class=\"text\">https:\/\/tinyurl.com\/y4cdzn35<\/span><span class=\"icon\"><span class=\"visually-hidden\">(external link)<\/span><\/span><\/a>.<\/p>\n<\/div>\n<\/li>\n<li id=\"note-19049-9\" class=\"item--field-notes-and-sources\" data-note-list-item=\"9\">\n<div class=\"text-formatted\">\n<p>Molavi, S. C. (2024).\u00a0<em>Environmental Warfare in Gaza: Colonial Violence and New Landscapes of Resistance<\/em>. London: Pluto<\/p>\n<\/div>\n<\/li>\n<li id=\"note-19049-10\" class=\"item--field-notes-and-sources\" data-note-list-item=\"10\">\n<div class=\"text-formatted\">\n<p>Whyte, K. \u00ab Settler Colonialism, Ecology, and Environmental Injustice \u00bb,\u00a0<em>Environment and Society<\/em>, 9, 1 (septembre) : 135, 2018.<\/p>\n<\/div>\n<\/li>\n<li id=\"note-19049-11\" class=\"item--field-notes-and-sources\" data-note-list-item=\"11\">\n<div class=\"text-formatted\">\n<p>Molavi, S. C. (2024). Op. cit<\/p>\n<\/div>\n<\/li>\n<li id=\"note-19049-12\" class=\"item--field-notes-and-sources\" data-note-list-item=\"12\">\n<div class=\"text-formatted\">\n<p>Ibid.<\/p>\n<\/div>\n<\/li>\n<li id=\"note-19049-13\" class=\"item--field-notes-and-sources\" data-note-list-item=\"13\">\n<div class=\"text-formatted\">\n<p>Tippmann, R. and Baroni, L (2017). \u2018ClimaSouth Technical Paper N.2. The Economics of Climate Change in Palestine\u2019.<\/p>\n<\/div>\n<\/li>\n<li id=\"note-19049-14\" class=\"item--field-notes-and-sources\" data-note-list-item=\"14\">\n<div class=\"text-formatted\">\n<p>Programme des Nations unies pour le d\u00e9veloppement (PNUD), Programme d\u2019assistance au peuple palestinien,\u00a0<em>Strat\u00e9gie d&rsquo;adaptation au changement climatique et programme d&rsquo;action pour l&rsquo;Autorit\u00e9 palestinienne,\u00a0<\/em>2010.\u00a0<a class=\"lnk--ext\" href=\"https:\/\/fada.birzeit.edu\/handle\/20.500.11889\/4319\" data-once=\"extlink\"><span class=\"text\">https:\/\/fada.birzeit.edu\/handle\/20.500.11889\/4319<\/span><span class=\"icon\"><span class=\"visually-hidden\">(external link)<\/span><\/span><\/a>.<\/p>\n<\/div>\n<\/li>\n<li id=\"note-19049-15\" class=\"item--field-notes-and-sources\" data-note-list-item=\"15\">\n<div class=\"text-formatted\">\n<p>Agha, Z. \u00ab Climate Change, the Occupation, and a Vulnerable Palestine \u00bb,\u00a0<em>Al-Shabaka<\/em>, 26 mars 2019.\u00a0<a class=\"lnk--ext\" href=\"https:\/\/al-shabaka.org\/briefs\/climate-change-the-occupation-and-a-vulnerable-palestine\/\" data-once=\"extlink\"><span class=\"text\">https:\/\/al-shabaka.org\/briefs\/climate-change-the-occupation-and-a-vulne\u2026<\/span><span class=\"icon\"><span class=\"visually-hidden\">(external link)<\/span><\/span><\/a><\/p>\n<\/div>\n<\/li>\n<li id=\"note-19049-16\" class=\"item--field-notes-and-sources\" data-note-list-item=\"16\">\n<div class=\"text-formatted\">\n<p>Dajani, M. \u00ab Challenging Israel\u2019s Climate Apartheid in Palestine \u00bb,\u00a0<em>Al-Shabaka<\/em>, 30 janvier 2022.\u00a0<a class=\"lnk--ext\" href=\"https:\/\/al-shabaka.org\/policy-memos\/challenging-israels-climate-apartheid-in-palestine\/\" data-once=\"extlink\"><span class=\"text\">https:\/\/al-shabaka.org\/policy-memos\/challenging-israels-climate-aparthe\u2026<\/span><span class=\"icon\"><span class=\"visually-hidden\">(external link)<\/span><\/span><\/a><\/p>\n<\/div>\n<\/li>\n<li id=\"note-19049-17\" class=\"item--field-notes-and-sources\" data-note-list-item=\"17\">\n<div class=\"text-formatted\">\n<p>B\u2019Tselem, \u00ab Parched: Israel\u2019s policy of water deprivation in the West Bank \u00bb, mai 2023.\u00a0<a class=\"lnk--ext\" href=\"https:\/\/www.btselem.org\/publications\/202305_parched\" data-once=\"extlink\"><span class=\"text\">https:\/\/www.btselem.org\/publications\/202305_parched<\/span><span class=\"icon\"><span class=\"visually-hidden\">(external link)<\/span><\/span><\/a><\/p>\n<\/div>\n<\/li>\n<li id=\"note-19049-18\" class=\"item--field-notes-and-sources\" data-note-list-item=\"18\">\n<div class=\"text-formatted\">\n<p>\u00a0Voir\u00a0<a class=\"lnk--ext\" href=\"https:\/\/www.un.org\/en\/global-issues\/water\" data-once=\"extlink\"><span class=\"text\">la page des Nations Unies relative \u00e0 l\u2019acc\u00e8s \u00e0 l\u2019eau<\/span><span class=\"icon\"><span class=\"visually-hidden\">(external link)<\/span><\/span><\/a>.<\/p>\n<\/div>\n<\/li>\n<li id=\"note-19049-19\" class=\"item--field-notes-and-sources\" data-note-list-item=\"19\">\n<div class=\"text-formatted\">\n<p>\u00a0The Applied Research Institute \u2013 J\u00e9rusalem (ARIJ), \u00ab Water resource allocations in the Occupied Palestinian Territory: Responding to Israeli claims \u00bb, juin 2012.\u00a0<a class=\"lnk--ext\" href=\"https:\/\/www.arij.org\/wp-content\/uploads\/2014\/01\/water.pdf\" data-once=\"extlink\"><span class=\"text\">https:\/\/www.arij.org\/wp-content\/uploads\/2014\/01\/water.pdf<\/span><span class=\"icon\"><span class=\"visually-hidden\">(external link)<\/span><\/span><\/a>.<\/p>\n<\/div>\n<\/li>\n<li id=\"note-19049-20\" class=\"item--field-notes-and-sources\" data-note-list-item=\"20\">\n<div class=\"text-formatted\">\n<p>\u00a0Lazarou, E. \u00ab L\u2019eau et le conflit isra\u00e9lo-palestinien \u00bb, Service de recherche parlementaire europ\u00e9en, 2016.\u00a0<a class=\"lnk--ext\" href=\"https:\/\/www.europarl.europa.eu\/\" data-once=\"extlink\"><span class=\"text\">https:\/\/www.europarl.europa.eu\/<\/span><span class=\"icon\"><span class=\"visually-hidden\">(external link)<\/span><\/span><\/a><\/p>\n<\/div>\n<\/li>\n<li id=\"note-19049-21\" class=\"item--field-notes-and-sources\" data-note-list-item=\"21\">\n<div class=\"text-formatted\">\n<p>Kubovich, Y. \u00ab Polluted Water Leading Cause of Child Mortality in Gaza, Study Finds \u00bb,\u00a0<em>Haaretz<\/em>, 16 octobre 2018.\u00a0<a class=\"lnk--ext\" href=\"https:\/\/tinyurl.com\/5n7fxb48\" data-once=\"extlink\"><span class=\"text\">https:\/\/tinyurl.com\/5n7fxb48<\/span><span class=\"icon\"><span class=\"visually-hidden\">(external link)<\/span><\/span><\/a>.<\/p>\n<\/div>\n<\/li>\n<li id=\"note-19049-22\" class=\"item--field-notes-and-sources\" data-note-list-item=\"22\">\n<div class=\"text-formatted\">\n<p>\u00a0<a class=\"lnk--ext\" href=\"https:\/\/www.oxfamfrance.org\/non-classe\/moins-de-7-des-niveaux-deau-davant-guerre-sont-disponibles-a-rafah-et-dans-le-nord-de-gaza-aggravant-une-catastrophe-sanitaire\/\" data-once=\"extlink\"><span class=\"text\">\u00ab\u00a0Moins de 7\u00a0% des niveaux d\u2019eau d\u2019avant-guerre sont disponibles \u00e0 Rafah et dans le nord de Gaza, aggravant une catastrophe sanitaire\u00a0\u00bb<\/span><span class=\"icon\"><span class=\"visually-hidden\">(external link)<\/span><\/span><\/a>, Oxfam France, f\u00e9vrier 2025.<\/p>\n<\/div>\n<\/li>\n<li id=\"note-19049-23\" class=\"item--field-notes-and-sources\" data-note-list-item=\"23\">\n<div class=\"text-formatted\">\n<p>Cette partie s\u2019inspire dans une large mesure des travaux de Manal Shqair. Pour aller plus loin, voir Shqair, M. \u00ab L\u2019\u00e9co-normalisation isra\u00e9lo-arabe : \u00c9coblanchiment des colonies de peuplement en Palestine et dans le Jawlan \u00bb, Transnational Institute, 2023.<\/p>\n<\/div>\n<\/li>\n<li id=\"note-19049-24\" class=\"item--field-notes-and-sources\" data-note-list-item=\"24\">\n<div class=\"text-formatted\">\n<p>Molavi, S. C. (2024). Op. cit.<\/p>\n<\/div>\n<\/li>\n<li id=\"note-19049-25\" class=\"item--field-notes-and-sources\" data-note-list-item=\"25\">\n<div class=\"text-formatted\">\n<p>Forensic Architecture, \u00ab Herbicidal warfare in Gaza \u00bb, 19 juillet 2019.\u00a0<a class=\"lnk--ext\" href=\"https:\/\/forensic-architecture.org\/investigation\/herbicidal-warfare-in-gaza\" data-once=\"extlink\"><span class=\"text\">https:\/\/forensic-architecture.org\/investigation\/herbicidal-warfare-in-g\u2026<\/span><span class=\"icon\"><span class=\"visually-hidden\">(external link)<\/span><\/span><\/a><\/p>\n<\/div>\n<\/li>\n<li id=\"note-19049-26\" class=\"item--field-notes-and-sources\" data-note-list-item=\"26\">\n<div class=\"text-formatted\">\n<p>Gisha (2019). \u2018Closing In: Life and Death in Gaza\u2019s Access Restricted Areas\u2019.\u00a0<a class=\"lnk--ext\" href=\"https:\/\/features.gisha.org\/closing-in\/\" data-once=\"extlink\"><span class=\"text\">https:\/\/features.gisha.org\/closing-in\/<\/span><span class=\"icon\"><span class=\"visually-hidden\">(external link)<\/span><\/span><\/a><\/p>\n<\/div>\n<\/li>\n<li id=\"note-19049-27\" class=\"item--field-notes-and-sources\" data-note-list-item=\"27\">\n<div class=\"text-formatted\">\n<p>Al Mezan Center for Human Rights (2018). \u2018Effects of Aerial Spraying on farmlands in the Gaza Strip\u2019.\u00a0<a class=\"lnk--ext\" href=\"https:\/\/www.mezan.org\/uploads\/files\/15186958401955.pdf\" data-once=\"extlink\"><span class=\"text\">https:\/\/www.mezan.org\/uploads\/files\/15186958401955.pdf<\/span><span class=\"icon\"><span class=\"visually-hidden\">(external link)<\/span><\/span><\/a><\/p>\n<\/div>\n<\/li>\n<li id=\"note-19049-28\" class=\"item--field-notes-and-sources\" data-note-list-item=\"28\">\n<div class=\"text-formatted\">\n<p>\u00a0Forensic Architecture, \u00ab A Cartography of Genocide: Israel\u2019s Conduct in Gaza since October 2023 \u00bb, 25 octobre 2024.\u00a0<a class=\"lnk--ext\" href=\"https:\/\/forensic-architecture.org\/investigation\/a-cartography-of-genocided\" data-once=\"extlink\"><span class=\"text\">https:\/\/forensic-architecture.org\/investigation\/a-cartography-of-genoci\u2026<\/span><span class=\"icon\"><span class=\"visually-hidden\">(external link)<\/span><\/span><\/a>.<\/p>\n<\/div>\n<\/li>\n<li id=\"note-19049-29\" class=\"item--field-notes-and-sources\" data-note-list-item=\"29\">\n<div class=\"text-formatted\">\n<p>Ibid.<\/p>\n<\/div>\n<\/li>\n<li id=\"note-19049-30\" class=\"item--field-notes-and-sources\" data-note-list-item=\"30\">\n<div class=\"text-formatted\">\n<p>Ibid.<\/p>\n<\/div>\n<\/li>\n<li id=\"note-19049-31\" class=\"item--field-notes-and-sources\" data-note-list-item=\"31\">\n<div class=\"text-formatted\">\n<p>Ahmed, K., Gayle, D. et Mousa, A. \u00ab \u201cEcocide in Gaza\u201d: does scale of environmental destruction amount to a war crime? \u00bb,\u00a0<em>The Guardian<\/em>, 29 mars 2024.\u00a0<a class=\"lnk--ext\" href=\"https:\/\/tinyurl.com\/bdcujzdv\" data-once=\"extlink\"><span class=\"text\">https:\/\/tinyurl.com\/bdcujzdv<\/span><span class=\"icon\"><span class=\"visually-hidden\">(external link)<\/span><\/span><\/a>.<\/p>\n<\/div>\n<\/li>\n<li id=\"note-19049-32\" class=\"item--field-notes-and-sources\" data-note-list-item=\"32\">\n<div class=\"text-formatted\">\n<p>\u00a0Programme des Nations unies pour l\u2019environnement (PNUE), \u00ab Environmental legacy of Explosive weapons in Populated Areas \u00bb, 5 novembre 2021.\u00a0<a class=\"lnk--ext\" href=\"https:\/\/tinyurl.com\/mr2r33j9\" data-once=\"extlink\"><span class=\"text\">https:\/\/tinyurl.com\/mr2r33j9<\/span><span class=\"icon\"><span class=\"visually-hidden\">(external link)<\/span><\/span><\/a>.<\/p>\n<\/div>\n<\/li>\n<li id=\"note-19049-33\" class=\"item--field-notes-and-sources\" data-note-list-item=\"33\">\n<div class=\"text-formatted\">\n<p>\u00a0Al Jazeera, \u00ab Clearing Gaza rubble could take 15 years, UN agency says \u00bb, 15 juillet 2024.\u00a0<a class=\"lnk--ext\" href=\"https:\/\/www.aljazeera.com\/news\/2024\/7\/15\/clearing-gaza-rubble-could-take-15-years-un-agency-says\" data-once=\"extlink\"><span class=\"text\">https:\/\/www.aljazeera.com\/news\/2024\/7\/15\/clearing-gaza-rubble-could-tak\u2026<\/span><span class=\"icon\"><span class=\"visually-hidden\">(external link)<\/span><\/span><\/a>.<\/p>\n<\/div>\n<\/li>\n<li id=\"note-19049-34\" class=\"item--field-notes-and-sources\" data-note-list-item=\"34\">\n<div class=\"text-formatted\">\n<p>Ahmed, K et al. (2024). Op. Cit.<\/p>\n<\/div>\n<\/li>\n<li id=\"note-19049-35\" class=\"item--field-notes-and-sources\" data-note-list-item=\"35\">\n<div class=\"text-formatted\">\n<p>Gouvernement de Colombie, \u00ab President Petro: The unleashing of genocide and barbarism on the Palestinian people is what awaits the exodus of the peoples of the South unleashed by the climate crisis \u00bb, 1er d\u00e9cembre 2023.\u00a0<a class=\"lnk--ext\" href=\"https:\/\/tinyurl.com\/yfn49cdj\" data-once=\"extlink\"><span class=\"text\">https:\/\/tinyurl.com\/yfn49cdj<\/span><span class=\"icon\"><span class=\"visually-hidden\">(external link)<\/span><\/span><\/a>.<\/p>\n<\/div>\n<\/li>\n<li id=\"note-19049-36\" class=\"item--field-notes-and-sources\" data-note-list-item=\"36\">\n<div class=\"text-formatted\">\n<p>Mallinder, L. \u00ab \u201cElephant in the room\u201d: The US military\u2019s devastating carbon footprint \u00bb,\u00a0<em>Al Jazeera<\/em>, 12 d\u00e9cembre 2023.\u00a0<a class=\"lnk--ext\" href=\"https:\/\/www.aljazeera.com\/news\/2023\/12\/12\/elephant-in-the-room-the-us-militarys-devastating-carbon-footprint\" data-once=\"extlink\"><span class=\"text\">https:\/\/www.aljazeera.com\/news\/2023\/12\/12\/elephant-in-the-room-the-us-m\u2026<\/span><span class=\"icon\"><span class=\"visually-hidden\">(external link)<\/span><\/span><\/a><\/p>\n<\/div>\n<\/li>\n<li id=\"note-19049-37\" class=\"item--field-notes-and-sources\" data-note-list-item=\"37\">\n<div class=\"text-formatted\">\n<p>Neimark, B., Bigger, P., Otu-Larbi, F., et Larbi, R., \u00ab A Multitemporal Snapshot of Greenhouse Gas Emissions from the Israel-Gaza Conflict \u00bb, 5 janvier 2024. Disponible sur\u00a0<a class=\"lnk--ext\" href=\"https:\/\/ssrn.com\/abstract=4684768\" data-once=\"extlink\"><span class=\"text\">https:\/\/ssrn.com\/abstract=4684768<\/span><span class=\"icon\"><span class=\"visually-hidden\">(external link)<\/span><\/span><\/a>\u00a0ou\u00a0<a class=\"lnk--ext\" href=\"https:\/\/dx.doi.org\/10.2139\/ssrn.4684768\" data-once=\"extlink\"><span class=\"text\">http:\/\/dx.doi.org\/10.2139\/ssrn.4684768<\/span><span class=\"icon\"><span class=\"visually-hidden\">(external link)<\/span><\/span><\/a><\/p>\n<\/div>\n<\/li>\n<li id=\"note-19049-38\" class=\"item--field-notes-and-sources\" data-note-list-item=\"38\">\n<div class=\"text-formatted\">\n<p>BP (2022).\u00a0<em>BP Statistical Review of World Energy 2022, 71st Edition<\/em>.\u00a0<a class=\"lnk--ext\" href=\"https:\/\/tinyurl.com\/29kcuvb9\" data-once=\"extlink\"><span class=\"text\">https:\/\/tinyurl.com\/29kcuvb9<\/span><span class=\"icon\"><span class=\"visually-hidden\">(external link)<\/span><\/span><\/a>.<\/p>\n<\/div>\n<\/li>\n<li id=\"note-19049-39\" class=\"item--field-notes-and-sources\" data-note-list-item=\"39\">\n<div class=\"text-formatted\">\n<p>Shqair, M. (2023). Op. cit. And Johansson, A. and Vinthagen, S.\u00a0<em>Conceptualizing Everyday Resistance: A Transdisciplinary Approach<\/em>\u00a0(New York: Routledge, 2020): 149-152.<\/p>\n<\/div>\n<\/li>\n<li id=\"note-19049-40\" class=\"item--field-notes-and-sources\" data-note-list-item=\"40\">\n<div class=\"text-formatted\">\n<p>Ibid.<\/p>\n<\/div>\n<\/li>\n<li id=\"note-19049-41\" class=\"item--field-notes-and-sources\" data-note-list-item=\"41\">\n<div class=\"text-formatted\">\n<p>\u00a0Extrait d\u2019une conf\u00e9rence donn\u00e9e par Andreas Malm \u00e0 l\u2019Universit\u00e9 de Stockholm le 7 d\u00e9cembre 2023, intitul\u00e9e \u00ab On Palestinian and Other Resistance In Times of Catastrophe \u00bb.\u00a0<a class=\"lnk--ext\" href=\"https:\/\/youtu.be\/tdQZTvNDwXs?si=gfP91jxq_-ZNIrUU\" data-once=\"extlink\"><span class=\"text\">https:\/\/youtu.be\/tdQZTvNDwXs?si=gfP91jxq_-ZNIrUU<\/span><span class=\"icon\"><span class=\"visually-hidden\">(external link)<\/span><\/span><\/a><\/p>\n<\/div>\n<\/li>\n<li id=\"note-19049-42\" class=\"item--field-notes-and-sources\" data-note-list-item=\"42\">\n<div class=\"text-formatted\">\n<p>Fanon, F.\u00a0<em>Les damn\u00e9s de la terre<\/em>, \u00c9ditions Maspero, Paris, 1961.<\/p>\n<\/div>\n<p>&nbsp;<\/p>\n<p><a href=\"https:\/\/www.tni.org\/en\/article\/ecocide-imperialism-and-palestine-liberation?translation=fr\">SOURCE\u00a0<\/a><\/li>\n<\/ol>\n<\/div>\n<\/div>\n<\/div>\n<\/div>\n","protected":false},"excerpt":{"rendered":"<p>La d\u00e9vastation \u00e0 Gaza n&rsquo;est pas seulement un g\u00e9nocide, mais aussi un \u00e9cocide : la destruction d\u00e9lib\u00e9r\u00e9e de tout un tissu social et \u00e9cologique. Des sols contamin\u00e9s et des terres agricoles d\u00e9cim\u00e9es \u00e0 l&rsquo;effondrement des r\u00e9seaux hydrographiques et aux mers satur\u00e9es de d\u00e9chets, l&rsquo;attaque isra\u00e9lienne r\u00e9v\u00e8le combien la violence coloniale est indissociable des atteintes \u00e0 &#8230; <a title=\"Sur la crise climatique, l\u2019imp\u00e9rialisme et la lib\u00e9ration de la Palestine\" class=\"read-more\" href=\"https:\/\/bruxelles-panthere.thefreecat.org\/?p=6543\" aria-label=\"En savoir plus sur Sur la crise climatique, l\u2019imp\u00e9rialisme et la lib\u00e9ration de la Palestine\">Lire la suite<\/a><\/p>\n","protected":false},"author":1,"featured_media":4790,"comment_status":"open","ping_status":"open","sticky":false,"template":"","format":"standard","meta":{"footnotes":""},"categories":[1,35,21,36,6,28,18],"tags":[654,606,122,82,657,44,74,12,197,658,655,15,656],"class_list":["post-6543","post","type-post","status-publish","format-standard","has-post-thumbnail","hentry","category-non-classe","category-amerique-du-sud","category-anti-imperialisme","category-europe","category-palestine-moyen-orient","category-racismes","category-resistance-bruxelles","tag-andreas-malm","tag-capitalisme","tag-colonialisme","tag-colonisation","tag-ecocide","tag-ecologie","tag-frantz-fanon","tag-gaza","tag-genocide","tag-greenwashing","tag-hamza-hamouchene","tag-resistance","tag-sumud"],"_links":{"self":[{"href":"https:\/\/bruxelles-panthere.thefreecat.org\/index.php?rest_route=\/wp\/v2\/posts\/6543","targetHints":{"allow":["GET"]}}],"collection":[{"href":"https:\/\/bruxelles-panthere.thefreecat.org\/index.php?rest_route=\/wp\/v2\/posts"}],"about":[{"href":"https:\/\/bruxelles-panthere.thefreecat.org\/index.php?rest_route=\/wp\/v2\/types\/post"}],"author":[{"embeddable":true,"href":"https:\/\/bruxelles-panthere.thefreecat.org\/index.php?rest_route=\/wp\/v2\/users\/1"}],"replies":[{"embeddable":true,"href":"https:\/\/bruxelles-panthere.thefreecat.org\/index.php?rest_route=%2Fwp%2Fv2%2Fcomments&post=6543"}],"version-history":[{"count":1,"href":"https:\/\/bruxelles-panthere.thefreecat.org\/index.php?rest_route=\/wp\/v2\/posts\/6543\/revisions"}],"predecessor-version":[{"id":6544,"href":"https:\/\/bruxelles-panthere.thefreecat.org\/index.php?rest_route=\/wp\/v2\/posts\/6543\/revisions\/6544"}],"wp:featuredmedia":[{"embeddable":true,"href":"https:\/\/bruxelles-panthere.thefreecat.org\/index.php?rest_route=\/wp\/v2\/media\/4790"}],"wp:attachment":[{"href":"https:\/\/bruxelles-panthere.thefreecat.org\/index.php?rest_route=%2Fwp%2Fv2%2Fmedia&parent=6543"}],"wp:term":[{"taxonomy":"category","embeddable":true,"href":"https:\/\/bruxelles-panthere.thefreecat.org\/index.php?rest_route=%2Fwp%2Fv2%2Fcategories&post=6543"},{"taxonomy":"post_tag","embeddable":true,"href":"https:\/\/bruxelles-panthere.thefreecat.org\/index.php?rest_route=%2Fwp%2Fv2%2Ftags&post=6543"}],"curies":[{"name":"wp","href":"https:\/\/api.w.org\/{rel}","templated":true}]}}