{"id":5962,"date":"2024-06-17T20:17:19","date_gmt":"2024-06-17T19:17:19","guid":{"rendered":"https:\/\/bruxelles-panthere.thefreecat.org\/?p=5962"},"modified":"2024-06-29T12:45:25","modified_gmt":"2024-06-29T11:45:25","slug":"ixelles-megiddo-histoire-des-villages-eradiques-pendant-la-nakba-et-informations-sur-la-prison-coloniale","status":"publish","type":"post","link":"https:\/\/bruxelles-panthere.thefreecat.org\/?p=5962","title":{"rendered":"Ixelles &#8211; Megiddo : histoire des villages \u00e9radiqu\u00e9s pendant la Nakba et informations sur la prison coloniale"},"content":{"rendered":"<p data-wp-editing=\"1\"><a href=\"https:\/\/bruxelles-panthere.thefreecat.org\/wp-content\/uploads\/2024\/06\/ixelles-logo-q-1.jpg\"><img loading=\"lazy\" decoding=\"async\" class=\" wp-image-5968 alignnone\" src=\"https:\/\/bruxelles-panthere.thefreecat.org\/wp-content\/uploads\/2024\/06\/ixelles-logo-q-1-208x300.jpg\" alt=\"\" width=\"135\" height=\"195\" srcset=\"https:\/\/bruxelles-panthere.thefreecat.org\/wp-content\/uploads\/2024\/06\/ixelles-logo-q-1-208x300.jpg 208w, https:\/\/bruxelles-panthere.thefreecat.org\/wp-content\/uploads\/2024\/06\/ixelles-logo-q-1.jpg 492w\" sizes=\"auto, (max-width: 135px) 100vw, 135px\" \/><\/a><a href=\"https:\/\/bruxelles-panthere.thefreecat.org\/wp-content\/uploads\/2024\/06\/embleme-megiddo-cadre-1.jpg\"><img loading=\"lazy\" decoding=\"async\" class=\" wp-image-5967 alignright\" src=\"https:\/\/bruxelles-panthere.thefreecat.org\/wp-content\/uploads\/2024\/06\/embleme-megiddo-cadre-1.jpg\" alt=\"\" width=\"188\" height=\"161\" \/><\/a><\/p>\n<p>&nbsp;<\/p>\n<div class=\"ahS2Le\">\n<div class=\"F9yp7e ikZYwf LgNcQe\" dir=\"auto\" style=\"text-align: center;\" role=\"heading\" aria-level=\"1\"><strong>Rompre le Jumelage entre Ixelles &amp; Megiddo imm\u00e9diatement !<\/strong><\/div>\n<div class=\"F9yp7e ikZYwf LgNcQe\" dir=\"auto\" style=\"text-align: center;\" role=\"heading\" aria-level=\"1\"><strong> Stop de verbroedering tussen Elsene en Megiddo onmiddellijk !<\/strong><\/div>\n<div dir=\"auto\" role=\"heading\" aria-level=\"1\"><\/div>\n<\/div>\n<div class=\"cBGGJ OIC90c\" dir=\"auto\">\n<div>La coop\u00e9ration sous forme d\u2019un jumelage entre la commune d&rsquo;Ixelles et le conseil de la r\u00e9gion de Megiddo, qui plus est dans le contexte actuel du g\u00e9nocide qui se d\u00e9roule sous nos yeux, est inacceptable et intenable tant politiquement que d\u2019un point de vue \u00e9thique.<\/div>\n<div style=\"text-align: center;\"><a href=\"https:\/\/docs.google.com\/forms\/d\/e\/1FAIpQLSe1tXf2S9twN2xiUyePC_QL7kao_0aif7yy15tdFAawoYDQPA\/viewform?pli=1\">SIGNER ICI<\/a><\/div>\n<div>De samenwerking in de vorm van een verbroedering tussen de gemeente Elsene en de Regionale Raad van Megiddo is politiek en ethisch onaanvaardbaar en onhoudbaar, vooral in de huidige context van een genocide die zich voor onze ogen voltrekt.<\/div>\n<\/div>\n<p><!--more--><\/p>\n<div class=\"meSK8 M7eMe\" style=\"text-align: center;\" role=\"heading\" aria-level=\"2\"><b>Rompre le jumelage entre Ixelles et Megiddo imm\u00e9diatement !<\/b><\/div>\n<div style=\"text-align: center;\" role=\"heading\" aria-level=\"2\"><a href=\"https:\/\/docs.google.com\/forms\/d\/e\/1FAIpQLSe1tXf2S9twN2xiUyePC_QL7kao_0aif7yy15tdFAawoYDQPA\/viewform?pli=1\">SIGNER ICI<\/a><\/div>\n<div class=\"spb5Rd OIC90c\">\n<p>Les 13 membres du Conseil r\u00e9gional de Megiddo vivent sur les terres des villages palestiniens d\u00e9truits lors de la Nakba \u00e0 partir de 1948. Tous les villages palestiniens de cette r\u00e9gion d\u2019environ 200 km2 (al-Lajjun, Umm al-Zinat, Qira, al-Rihaniyya, Abu Zurayq, Abu Shusha, al-Ghubayya al-Tahta, al-Ghubayya al-Fawqa, Ein al-Mansi, al-Mansi, al-Kafrayn, al-Butaymat, al-Naghnaghiya, Sabbarin et Khubbayza) ont \u00e9t\u00e9 ethniquement nettoy\u00e9s ; 9 kibboutz et 4 moshavs s\u2019y sont install\u00e9s.<\/p>\n<div><\/div>\n<div>Le kibboutz nomm\u00e9 \u00e0 pr\u00e9sent \u00ab\u00a0Megiddo\u00a0\u00bb par exemple, a \u00e9t\u00e9 cr\u00e9\u00e9 dans la zone du village palestinien d\u2019al-Lajjun, nettoy\u00e9 ethniquement et dont les habitants ont \u00e9t\u00e9 enti\u00e8rement expuls\u00e9s lors de la Nakba en 1948.<\/div>\n<div><\/div>\n<div>Par ailleurs, la Cour supr\u00eame isra\u00e9lienne a rejet\u00e9 en 2010, la demande de 486 familles descendantes de al-Lajjun, citoyens isra\u00e9lo-palestiniens, de r\u00e9cup\u00e9rer 200 dounam (sur les 77 000 dounam qu&rsquo;ils poss\u00e9daient jusqu&rsquo;en 1948), arguant que ces terres sont utilis\u00e9es par l&rsquo;\u00c9tat dans le cadre d&rsquo;un projet de boisement. <a href=\"https:\/\/www.adalah.org\/he\/content\/view\/3014\">https:\/\/www.adalah.org\/he\/content\/view\/3014<\/a><\/div>\n<div><\/div>\n<div>Le kibboutz Megiddo refuse m\u00eame que les r\u00e9fugi\u00e9s d\u2019al-Lajjun (des citoyens isra\u00e9liens qui vivent \u00e0 Umm al-Fahm) visitent leur mosqu\u00e9e qui est toujours debout sur le territoire (vol\u00e9) du kibboutz. En 2004, le kibboutz a \u00e9galement refus\u00e9 d&rsquo;apposer un panneau sur la mosqu\u00e9e, arguant qu&rsquo;elle \u00e9tait dangereuse pour les r\u00e9sidents du kibboutz.<\/div>\n<div><\/div>\n<div>Chacun de ces villages poss\u00e8de une histoire \u00e0 laquelle nous renvoyons \u00e0 la fin de ce texte.<\/div>\n<div>Le site de la commune d&rsquo;Ixelles <a href=\"https:\/\/www.ixelles.be\/site\/309-Megiddo\">https:\/\/www.ixelles.be\/site\/309-Megiddo<\/a> omet de mentionner que la r\u00e9gion de Megiddo abrite actuellement l&rsquo;une des principales prisons de l\u2019\u00e9tat d\u2019Isra\u00ebl et la plus grande prison d\u00e9tenant des Palestiniens (environ 800) et o\u00f9 des enfants sont \u00e9galement emprisonn\u00e9s ; la plupart du temps sans proc\u00e8s et en violation du droit international &#8211; en l\u2019occurrence, la Convention des droits de l&rsquo;enfant de 1989 et l&rsquo;article 76 de la Convention de Gen\u00e8ve (IV). Il va sans dire que la d\u00e9tention a des effets d\u00e9vastateurs sur le d\u00e9veloppement physique, \u00e9motionnel et psychologique de ces enfants. Ils sont expos\u00e9s \u00e0 des traumatismes durables qui compromettent leur avenir.<\/div>\n<div><\/div>\n<p>Amnesty International fait \u00e9tat de conditions inacceptables dans les prisons isra\u00e9liennes : traitement inhumain et d\u00e9gradant des prisonniers palestiniens, torture et d\u00e9c\u00e8s en d\u00e9tention. Plusieurs d\u00e9tenus sont d\u2019ailleurs d\u00e9c\u00e9d\u00e9s ces derniers mois dans la prison de Megiddo. <a href=\"https:\/\/english.almayadeen.net\/news\/politics\/horrors-unveiled--megiddo-prison-s-reign-of-torture-and-abus\">https:\/\/english.almayadeen.net\/news\/politics\/horrors-unveiled&#8211;megiddo-prison-s-reign-of-torture-and-abus<\/a><\/p>\n<div><\/div>\n<div>Depuis plus de huit mois, les attaques contre des civils sans d\u00e9fense en Palestine se poursuivent sans rel\u00e2che et constituent des violations syst\u00e9matiques des droits humains et du droit international. Le syst\u00e8me d&rsquo;apartheid et la colonisation isra\u00e9liens ne peuvent exister que gr\u00e2ce au soutien international et \u00e0 la l\u00e9gitimation des \u00c9tats, des gouvernements, des entreprises, des institutions et des universit\u00e9s.<\/div>\n<div><\/div>\n<div>La d\u00e9cision de la Cour internationale de justice (CIJ) du 26 janvier 2024 fait suite \u00e0 l&rsquo;application de la Convention pour la pr\u00e9vention et la r\u00e9pression du crime de g\u00e9nocide dans la bande de Gaza \u00e0 la demande de l\u2019Afrique du Sud qui a invoqu\u00e9e ladite convention. \u00a0Cette ordonnance stipule, entre autres, qu&rsquo;Isra\u00ebl doit cesser imm\u00e9diatement toute action susceptible de confirmer ou d&rsquo;aggraver ledit g\u00e9nocide. Cette ordonnance n\u2019ayant pas \u00e9t\u00e9 respect\u00e9e, les \u00c9tats ou gouvernements qui poursuivent leur coop\u00e9ration avec Isra\u00ebl pourraient \u00eatre poursuivis par des instances judiciaires internationales ; en effet, la convention impose \u00e0 ses signataires de prendre toutes les mesures en leur possession pour pr\u00e9venir un g\u00e9nocide.<\/div>\n<p><a href=\"https:\/\/www.icj-cij.org\/fr\/node\/203447\">https:\/\/www.icj-cij.org\/fr\/node\/203447<\/a><\/p>\n<div><\/div>\n<div>Le 20 mai 2024, le bureau du procureur de la Cour p\u00e9nale internationale de La Haye (CPI) a lanc\u00e9 une demande de mandat d&rsquo;arr\u00eat \u00e0 l&rsquo;encontre du Premier ministre Benjamin Netanyahu et du ministre de la D\u00e9fense Yoav Gallant. Un panel de trois juges de la CPI enqu\u00eate sur cette affaire dans laquelle, selon le bureau du procureur de la CPI et \u00ab\u00a0compte tenu des preuves recueillies et examin\u00e9es\u00a0\u00bb, il existe des \u00ab\u00a0motifs raisonnables\u00a0\u00bb de croire que Netanyahu et Gallant portent une responsabilit\u00e9 p\u00e9nale pour des crimes de guerre et des crimes contre l&rsquo;humanit\u00e9 dans le cadre de leur offensive meurtri\u00e8re contre la bande de Gaza.<\/div>\n<p><a href=\"https:\/\/www.icc-cpi.int\/fr\/news\/declaration-du-procureur-de-la-cpi-karim-aa-khan-kc-depot-de-requetes-aux-fins-de-delivrance\">https:\/\/www.icc-cpi.int\/fr\/news\/declaration-du-procureur-de-la-cpi-karim-aa-khan-kc-depot-de-requetes-aux-fins-de-delivrance<\/a><\/p>\n<div><\/div>\n<div>Dans un second arr\u00eat, la Cour internationale de justice (CIJ) de La Haye ordonne \u00e0 Isra\u00ebl, le 24 mai 2024, d\u2019arr\u00eater imm\u00e9diatement son offensive militaire \u00e0 Rafah, d&rsquo;ouvrir le poste fronti\u00e8re \u00e0 l&rsquo;aide humanitaire et d&rsquo;autoriser l&rsquo;entr\u00e9e \u00e0 des enqu\u00eateurs charg\u00e9s par les organes comp\u00e9tents de l\u2019Organisation des Nations Unies d\u2019enqu\u00eater sur des all\u00e9gations de g\u00e9nocide. Isra\u00ebl a rejet\u00e9 la d\u00e9cision de la Cour et refuse de se conformer aux ordres. <a href=\"https:\/\/www.icj-cij.org\/sites\/default\/files\/case-related\/192\/192-20240524-ord-01-00-fr.pdf\">https:\/\/www.icj-cij.org\/sites\/default\/files\/case-related\/192\/192-20240524-ord-01-00-fr.pdf<\/a><\/div>\n<div><\/div>\n<div>Nous f\u00e9licitons les courageux \u00e9tudiants des universit\u00e9s belges qui, par leurs actions et leurs occupations, ont d\u00e9j\u00e0 obtenu la cessation de collaborations, y compris dans le domaine des technologies militaires, de l&rsquo;ULB et de l&rsquo;UGent avec des universit\u00e9s isra\u00e9liennes &#8211; maillon important de la politique de colonisation et d\u2019Apartheid &#8211; voir \u00e0 ce sujet le travail remarquable <a href=\"https:\/\/www.versobooks.com\/blogs\/authors\/wind-maya\">https:\/\/www.versobooks.com\/blogs\/authors\/wind-maya<\/a> .<\/div>\n<div><\/div>\n<div>Nous regrettons par contre la d\u00e9cision de l\u2019ULB de suspendre dans le m\u00eame temps les collaborations avec les universit\u00e9s palestiniennes, les conditionnant entre autres \u00e0 la lib\u00e9ration des otages d\u00e9tenus \u00e0 Gaza. Les \u00e9tudiants de l&rsquo;universit\u00e9 de Gand ont \u00e9galement obtenu que tous les liens avec les universit\u00e9s isra\u00e9liennes soient rompus. Ils vont plus loin en affirmant que, puisque la CIJ ne peut pas faire appliquer ses d\u00e9cisions, chacun d&rsquo;entre nous a la responsabilit\u00e9 et le devoir moral de faire pression sur l&rsquo;\u00c9tat d&rsquo;Isra\u00ebl pour qu&rsquo;il se conforme au droit international. Les \u00e9tudiants gantois poursuivent leur action en vue de rompre les liens qui subsistent entre l&rsquo;universit\u00e9 de Gand et six entreprises isra\u00e9liennes.<\/div>\n<div><\/div>\n<div>Comme les \u00e9tudiants nous le montrent, chacun peut faire quelque chose pour contribuer au changement ; en tant que citoyens d&rsquo;Ixelles, de Bruxelles et de Belgique nous avons \u00e9galement le devoir moral d\u2019exiger ce boycott au niveau des gouvernements et des institutions politiques : en d\u00e9non\u00e7ant ce jumelage, en nous opposant \u00e0 la livraison d\u2019armes, en demandant l\u2019annulation du trait\u00e9 d\u2019accord d\u2019association bilat\u00e9ral UE-Isra\u00ebl\u2026<\/div>\n<p>Des organisations et des citoyens en Belgique ont pris des initiatives pour mettre fin au jumelage entre Ixelles et Megiddo\u00a0:<\/p>\n<p>1. En mai 2023, le PTB-PVDA a d\u00e9pos\u00e9 une motion au Conseil communal d&rsquo;Ixelles demandant, entre autres, de mettre fin au jumelage entre Ixelles et Megiddo. Les partis de la majorit\u00e9 PS-Vooruit, Ecolo Groen et Objectif Ixelles, men\u00e9e par le bourgmestre Ecolo Christos Doulkeridis, n\u2019ont pas tenu compte des critiques et ont r\u00e9affirm\u00e9 le maintien du jumelage.<\/p>\n<div><\/div>\n<div>D&rsquo;autres communes et villes ont vot\u00e9 des motions contre la coop\u00e9ration avec Isra\u00ebl. En Belgique, on peut citer les exemples de Li\u00e8ge et de Verviers ; en Espagne, Barcelone a suspendu le jumelage avec Tel-Aviv, contrairement \u00e0 Anvers seule autre commune belge jumel\u00e9e \u00e0 une localit\u00e9 isra\u00e9lienne (Ha\u00effa).<\/div>\n<div><\/div>\n<div>2. Le 12 juin 2023, l&rsquo;ABP (Association-Belgo-Palestinienne) a envoy\u00e9 une lettre au bourgmestre Christos Doulkeridis : <a href=\"https:\/\/www.association-belgo-palestinienne.be\/ixelles-doit-rompre-son-jumelage-avec-megiddo-israel-lettre-au-bourgmestre-dixelles-christos-doulkeridis\/\">https:\/\/www.association-belgo-palestinienne.be\/ixelles-doit-rompre-son-jumelage-avec-megiddo-israel-lettre-au-bourgmestre-dixelles-christos-doulkeridis\/<\/a><\/div>\n<div><\/div>\n<div>Ce n\u2019est que pr\u00e8s d\u2019un an plus tard, le 2 juin 2024, que l\u2019ABP a re\u00e7u une r\u00e9ponse de huit pages de la part de l\u2019\u00e9chevin concern\u00e9. R\u00e9sum\u00e9 : Ixelles maintient son jumelage avec Megiddo.<\/div>\n<div><\/div>\n<div>3. Une p\u00e9tition a \u00e9t\u00e9 lanc\u00e9 le 9 avril 2024 par Mouhad Reghif, Ixellois depuis toujours, au nom de Bruxelles Panth\u00e8res : <a href=\"https:\/\/bruxelles-panthere.thefreecat.org\/\">https:\/\/bruxelles-panthere.thefreecat.org<\/a>\u00a0 sur <a href=\"https:\/\/www.change.org\/Stop_Jumelage_Ixelles_Megiddo\">https:\/\/www.change.org\/Stop_Jumelage_Ixelles_Megiddo<\/a><\/div>\n<div><\/div>\n<div>La rupture d&rsquo;alliances comme celle entre Ixelles et Megiddo est n\u00e9cessaire pour affirmer avec d\u00e9termination notre soutien au peuple palestinien, victime de nettoyage ethnique depuis plus de 76 ans ; ce fait d\u00e9nonc\u00e9 par de nombreux universitaires, y compris isra\u00e9lien comme le renomm\u00e9 Ilan Papp\u00e9 (dans notamment \u00ab\u00a0Le nettoyage ethnique de la Palestine\u00a0\u00bb, ed. La Fabrique) et dont Megiddo est un exemple frappant.<\/div>\n<div><\/div>\n<div>Le g\u00e9nocide dans la bande de Gaza, dont les images film\u00e9es par les victimes elles-m\u00eames d\u00e9filent sur nos \u00e9crans, se d\u00e9roule dans l\u2019impunit\u00e9 et la complicit\u00e9 les plus totales est financ\u00e9 par les grandes puissances et soutenu par les chantres de la d\u00e9mocratie. On estime que ce petit bout de terre, grand comme une fois et demie Bruxelles, a re\u00e7u une quantit\u00e9 d\u2019explosifs \u00e9quivalente en tonnage \u00e0 la bombe lanc\u00e9e sur Hiroshima.<\/div>\n<div><\/div>\n<div>Des experts militaires estiment que le nombre de victimes serait aux alentours de 70 000 et non de 35 000 comme on le r\u00e9p\u00e8te depuis janvier, moment \u00e0 partir duquel le minist\u00e8re de la Sant\u00e9 \u00e0 Gaza n\u2019a plus \u00e9t\u00e9 en mesure de fournir des chiffres mis \u00e0 jour &#8211; le minist\u00e8re se basant sur les donn\u00e9es provenant des h\u00f4pitaux, tous d\u00e9truits depuis &#8211; les services hospitaliers s\u2019\u00e9tant litt\u00e9ralement \u00e9croul\u00e9s.<\/div>\n<div><\/div>\n<div>L\u2019ampleur de la destruction et de la trag\u00e9die nous imposent en tant que simples citoyens, chacun en notre nom propre et quelle que soit par ailleurs notre fonction ou quels que soient nos titres, et pour notre propre dignit\u00e9, de nous insurger contre la poursuite de ce jumelage de la localit\u00e9 de Megiddo avec une commune belge.<\/div>\n<div><\/div>\n<div>Pour le peuple palestinien, au nom de notre humanit\u00e9, et en m\u00e9moire du diplomate et intellectuel palestinien Na\u00efm Khader, d\u00e9l\u00e9gu\u00e9 de l\u2019Organisation de Lib\u00e9ration de la Palestine (OLP) assassin\u00e9 \u00e0 Ixelles le 1er juin 1981, nous exigeons de la Commune d&rsquo;Ixelles qu\u2019elle mette imm\u00e9diatement un terme \u00e0 ce jumelage et qu\u2019elle se joigne au mouvement international de la soci\u00e9t\u00e9 civile qui demande la fin de l&rsquo;impunit\u00e9 dont jouit Isra\u00ebl depuis trop longtemps.<\/div>\n<p>Pour une description et l\u2019histoire des villages palestiniens d\u00e9truits lors de la Nakba dans la r\u00e9gion ainsi qu\u2019une s\u00e9lection d\u2019articles sur la prison de Megiddo et les violations des droits humains qui y sont commises, veuillez suivre ce lien : <a href=\"https:\/\/bruxelles-panthere.thefreecat.org\/?p=5962\">https:\/\/bruxelles-panthere.thefreecat.org\/?p=5962<\/a><\/p>\n<div><\/div>\n<div>Juin 2024,<\/div>\n<div><\/div>\n<p><b>Signataires &amp; pour plus d\u2019informations sur nos initiatives :<br \/>\n<\/b><\/p>\n<div>Mouhad Reghif, pour <i>Bruxelles Panth\u00e8res<\/i>\u00a0 \u00a0 \u00a0: bruxelles.pantheres@gmail.com<\/div>\n<div>Malika Hamri\u00a0 \u00a0 \u00a0 \u00a0 \u00a0 \u00a0 \u00a0 \u00a0 \u00a0 \u00a0 \u00a0 \u00a0 \u00a0 \u00a0 \u00a0 \u00a0 \u00a0 \u00a0 \u00a0 \u00a0 \u00a0 \u00a0 \u00a0 \u00a0 \u00a0 \u00a0 \u00a0 \u00a0: hamri.malika@gmail.com<\/div>\n<div>Theo Mewis,\u00a0<i>grondrechten activist<\/i>\u00a0 \u00a0 \u00a0 \u00a0 \u00a0 \u00a0 \u00a0 \u00a0 \u00a0 : theomewis@skynet.be<\/div>\n<\/div>\n<div><\/div>\n<div style=\"text-align: center;\"><a href=\"https:\/\/docs.google.com\/forms\/d\/e\/1FAIpQLSe1tXf2S9twN2xiUyePC_QL7kao_0aif7yy15tdFAawoYDQPA\/viewform?pli=1\">SIGNER ICI<\/a><\/div>\n<div>\n<p><strong>Liens des villages\u00a0 sur \u00ab\u00a0Interactive Encyclopedia of the Palestine Question\u00a0\u00bb<\/strong><\/p>\n<p>Description et histoire de ces villages palestiniens d\u00e9truits lors de la Nakba et sur les terres desquels les 9 kibbutz et 4 moshavs du Conseil r\u00e9gional de Megiddo sont install\u00e9s :<\/p>\n<\/div>\n<p><a href=\"https:\/\/bruxelles-panthere.thefreecat.org\/wp-content\/uploads\/2024\/06\/child-prisoners.jpeg\"><img loading=\"lazy\" decoding=\"async\" class=\"wp-image-5974 aligncenter\" src=\"https:\/\/bruxelles-panthere.thefreecat.org\/wp-content\/uploads\/2024\/06\/child-prisoners-300x169.jpeg\" alt=\"\" width=\"538\" height=\"303\" srcset=\"https:\/\/bruxelles-panthere.thefreecat.org\/wp-content\/uploads\/2024\/06\/child-prisoners-300x169.jpeg 300w, https:\/\/bruxelles-panthere.thefreecat.org\/wp-content\/uploads\/2024\/06\/child-prisoners-1024x576.jpeg 1024w, https:\/\/bruxelles-panthere.thefreecat.org\/wp-content\/uploads\/2024\/06\/child-prisoners-768x432.jpeg 768w, https:\/\/bruxelles-panthere.thefreecat.org\/wp-content\/uploads\/2024\/06\/child-prisoners-1536x864.jpeg 1536w, https:\/\/bruxelles-panthere.thefreecat.org\/wp-content\/uploads\/2024\/06\/child-prisoners-1320x743.jpeg 1320w, https:\/\/bruxelles-panthere.thefreecat.org\/wp-content\/uploads\/2024\/06\/child-prisoners.jpeg 1920w\" sizes=\"auto, (max-width: 538px) 100vw, 538px\" \/><\/a><\/p>\n<p>a-Lajjun <a href=\"https:\/\/www.palquest.org\/en\/place\/16833\/al-lajjun\">https:\/\/www.palquest.org\/en\/place\/16833\/al-lajjun<\/a><\/p>\n<p>Umm a-Zinat <a href=\"https:\/\/www.palquest.org\/en\/place\/17166\/umm-al-zinat\">https:\/\/www.palquest.org\/en\/place\/17166\/umm-al-zinat<\/a><\/p>\n<p>Qira <a href=\"https:\/\/www.palquest.org\/en\/place\/17119\/qira\">https:\/\/www.palquest.org\/en\/place\/17119\/qira<\/a><\/p>\n<p>Rihaniyya <a href=\"https:\/\/www.palquest.org\/en\/place\/16873\/al-rihaniyya\">https:\/\/www.palquest.org\/en\/place\/16873\/al-rihaniyya<\/a><\/p>\n<p>Abu Zureiq <a href=\"https:\/\/www.palquest.org\/en\/place\/16785\/abu-zurayq\">https:\/\/www.palquest.org\/en\/place\/16785\/abu-zurayq<\/a><\/p>\n<p>Abu Shusha <a href=\"https:\/\/www.palquest.org\/en\/place\/20608\/abu-shusha-haifa\">https:\/\/www.palquest.org\/en\/place\/20608\/abu-shusha-haifa<\/a><\/p>\n<p>Ghubaya a Tahta <a href=\"https:\/\/www.palquest.org\/en\/place\/16814\/al-ghubayya-al-tahta\">https:\/\/www.palquest.org\/en\/place\/16814\/al-ghubayya-al-tahta<\/a><\/p>\n<p>Ghubaya a Fawqa <a href=\"https:\/\/www.palquest.org\/en\/place\/16813\/al-ghubayya-al-fawqa\">https:\/\/www.palquest.org\/en\/place\/16813\/al-ghubayya-al-fawqa<\/a><\/p>\n<p>Ein al Mansi<\/p>\n<p>al-Mansi <a href=\"https:\/\/www.palquest.org\/en\/place\/16843\/al-mansi\">https:\/\/www.palquest.org\/en\/place\/16843\/al-mansi<\/a><\/p>\n<p>al-Kafrayn <a href=\"https:\/\/www.palquest.org\/en\/place\/16827\/al-kafrayn\">https:\/\/www.palquest.org\/en\/place\/16827\/al-kafrayn<\/a><\/p>\n<p>al-Butaymat <a href=\"https:\/\/www.palquest.org\/en\/place\/16964\/al-butaymat\">https:\/\/www.palquest.org\/en\/place\/16964\/al-butaymat<\/a><\/p>\n<p>al-Naghnaghiya <a href=\"https:\/\/www.palquest.org\/en\/place\/16864\/al-naghnaghiyya\">https:\/\/www.palquest.org\/en\/place\/16864\/al-naghnaghiyya<\/a><\/p>\n<p>Sabbarin <a href=\"https:\/\/www.palquest.org\/en\/place\/17129\/sabbarin\">https:\/\/www.palquest.org\/en\/place\/17129\/sabbarin<\/a><\/p>\n<p>Khubbayza <a href=\"https:\/\/www.palquest.org\/en\/place\/17078\/khubbayza\">https:\/\/www.palquest.org\/en\/place\/17078\/khubbayza<\/a><\/p>\n<p>&nbsp;<\/p>\n<div id='gallery-1' class='gallery galleryid-5962 gallery-columns-3 gallery-size-thumbnail'><figure class='gallery-item'>\n\t\t\t<div class='gallery-icon landscape'>\n\t\t\t\t<a href='https:\/\/bruxelles-panthere.thefreecat.org\/?attachment_id=5963#main'><img loading=\"lazy\" decoding=\"async\" width=\"150\" height=\"150\" src=\"https:\/\/bruxelles-panthere.thefreecat.org\/wp-content\/uploads\/2024\/06\/1280px-MAISON-40-150x150.jpeg\" class=\"attachment-thumbnail size-thumbnail\" alt=\"\" aria-describedby=\"gallery-1-5963\" \/><\/a>\n\t\t\t<\/div>\n\t\t\t\t<figcaption class='wp-caption-text gallery-caption' id='gallery-1-5963'>\n\t\t\t\tLa Malibran\n\t\t\t\t<\/figcaption><\/figure><figure class='gallery-item'>\n\t\t\t<div class='gallery-icon landscape'>\n\t\t\t\t<a href='https:\/\/bruxelles-panthere.thefreecat.org\/?attachment_id=5966#main'><img loading=\"lazy\" decoding=\"async\" width=\"150\" height=\"150\" src=\"https:\/\/bruxelles-panthere.thefreecat.org\/wp-content\/uploads\/2024\/06\/Meggido-Prison-150x150.jpeg\" class=\"attachment-thumbnail size-thumbnail\" alt=\"\" aria-describedby=\"gallery-1-5966\" \/><\/a>\n\t\t\t<\/div>\n\t\t\t\t<figcaption class='wp-caption-text gallery-caption' id='gallery-1-5966'>\n\t\t\t\tPrison de Megiddo\n\t\t\t\t<\/figcaption><\/figure>\n\t\t<\/div>\n\n<p>&nbsp;<\/p>\n<p><strong>Articles sur la prison de Megiddo et les violations des droits humains qui y sont commises :<\/strong><\/p>\n<p><a href=\"https:\/\/www.aljazeera.com\/news\/2023\/2\/3\/israeli-authorities-crack-down-on-palestinian-prisoners\">https:\/\/www.aljazeera.com\/news\/2023\/2\/3\/israeli-authorities-crack-down-on-palestinian-prisoners<\/a><\/p>\n<p><a href=\"https:\/\/www.aljazeera.com\/news\/2024\/2\/18\/systematic-torture-to-be-palestinian-in-an-israeli-prison\">https:\/\/www.aljazeera.com\/news\/2024\/2\/18\/systematic-torture-to-be-palestinian-in-an-israeli-prison<\/a><\/p>\n<p><a href=\"https:\/\/www.middleeasteye.net\/news\/israel-palestine-war-former-prisoner-recounts-hell-jails\">https:\/\/www.middleeasteye.net\/news\/israel-palestine-war-former-prisoner-recounts-hell-jails<\/a><\/p>\n<p><a href=\"https:\/\/www.middleeasteye.net\/fr\/actu-et-enquetes\/guerre-israel-palestine-ancien-prisonnier-raconte-enfer-prisons-maltraitance\">https:\/\/www.middleeasteye.net\/fr\/actu-et-enquetes\/guerre-israel-palestine-ancien-prisonnier-raconte-enfer-prisons-maltraitance<\/a><\/p>\n<p><a href=\"https:\/\/www.middleeasteye.net\/news\/israel-palestine-war-prisoners-died-detention-found-bruises-bodies\">https:\/\/www.middleeasteye.net\/news\/israel-palestine-war-prisoners-died-detention-found-bruises-bodies<\/a><\/p>\n<p><a href=\"https:\/\/www.middleeasteye.net\/news\/israel-palestine-war-freed-palestinian-children-fellow-prisoners-tortured-death\">https:\/\/www.middleeasteye.net\/news\/israel-palestine-war-freed-palestinian-children-fellow-prisoners-tortured-death<\/a><\/p>\n<p><a href=\"https:\/\/www.middleeasteye.net\/live-blog\/live-blog-update\/bruises-found-bodies-palestinian-prisoners-who-died-israeli-detention\">https:\/\/www.middleeasteye.net\/live-blog\/live-blog-update\/bruises-found-bodies-palestinian-prisoners-who-died-israeli-detention<\/a><\/p>\n<p><a href=\"https:\/\/www.middleeasteye.net\/news\/israel-palestine-war-gaza-workers-assassinated-custody-group-says\">https:\/\/www.middleeasteye.net\/news\/israel-palestine-war-gaza-workers-assassinated-custody-group-says<\/a><\/p>\n<p><a href=\"https:\/\/www.middleeasteye.net\/live-blog\/live-blog-update\/palestinian-detainee-dies-israeli-detention\">https:\/\/www.middleeasteye.net\/live-blog\/live-blog-update\/palestinian-detainee-dies-israeli-detention<\/a><\/p>\n<p><a href=\"https:\/\/imemc.org\/article\/palestinian-detainee-dies-in-megiddo-prison\/\">https:\/\/imemc.org\/article\/palestinian-detainee-dies-in-megiddo-prison\/<\/a><\/p>\n<p><a href=\"https:\/\/www.middleeastmonitor.com\/20231110-palestinian-prisoners-in-israel-jail-tortured-starved\/\">https:\/\/www.middleeastmonitor.com\/20231110-palestinian-prisoners-in-israel-jail-tortured-starved\/<\/a><\/p>\n<p><a href=\"https:\/\/english.palinfo.com\/o_post\/Israeli-jailers-storm-section-two-in-Megiddo-prison\/\">https:\/\/english.palinfo.com\/o_post\/Israeli-jailers-storm-section-two-in-Megiddo-prison\/<\/a><\/p>\n<p><a href=\"https:\/\/www.amnesty.org\/en\/documents\/mde15\/062\/2001\/en\/\">https:\/\/www.amnesty.org\/en\/documents\/mde15\/062\/2001\/en\/<\/a><\/p>\n<p><a href=\"https:\/\/www.amnesty.be\/infos\/actualites\/article\/israel-territoires-occupes-soldats-emprisonnes-refuse-prendre\">https:\/\/www.amnesty.be\/infos\/actualites\/article\/israel-territoires-occupes-soldats-emprisonnes-refuse-prendre<\/a><\/p>\n<p><a href=\"https:\/\/www.amnesty.ie\/palestine-israel-detention\/\">https:\/\/www.amnesty.ie\/palestine-israel-detention\/<\/a><\/p>\n<p><a href=\"https:\/\/www.amnestyusa.org\/victories\/urgent-action-victory-child-released-from-administrative-detention-israelopt-ua-10116\/\">https:\/\/www.amnestyusa.org\/victories\/urgent-action-victory-child-released-from-administrative-detention-israelopt-ua-10116\/<\/a><\/p>\n<p><a href=\"https:\/\/www.middleeastmonitor.com\/20230830-amnesty-condemns-israels-punitive-demolition-of-palestinian-child-detainees-home\/\">https:\/\/www.middleeastmonitor.com\/20230830-amnesty-condemns-israels-punitive-demolition-of-palestinian-child-detainees-home\/<\/a><\/p>\n<p><a href=\"https:\/\/www.ecoi.net\/en\/file\/local\/1099034\/1226_1453102543_mde1532142016english.pdf\">https:\/\/www.ecoi.net\/en\/file\/local\/1099034\/1226_1453102543_mde1532142016english.pdf<\/a><\/p>\n<p>&nbsp;<\/p>\n","protected":false},"excerpt":{"rendered":"<p>&nbsp; Rompre le Jumelage entre Ixelles &amp; Megiddo imm\u00e9diatement ! Stop de verbroedering tussen Elsene en Megiddo onmiddellijk ! La coop\u00e9ration sous forme d\u2019un jumelage entre la commune d&rsquo;Ixelles et le conseil de la r\u00e9gion de Megiddo, qui plus est dans le contexte actuel du g\u00e9nocide qui se d\u00e9roule sous nos yeux, est inacceptable et &#8230; <a title=\"Ixelles &#8211; Megiddo : histoire des villages \u00e9radiqu\u00e9s pendant la Nakba et informations sur la prison coloniale\" class=\"read-more\" href=\"https:\/\/bruxelles-panthere.thefreecat.org\/?p=5962\" aria-label=\"En savoir plus sur Ixelles &#8211; Megiddo : histoire des villages \u00e9radiqu\u00e9s pendant la Nakba et informations sur la prison coloniale\">Lire la suite<\/a><\/p>\n","protected":false},"author":1,"featured_media":5980,"comment_status":"open","ping_status":"open","sticky":false,"template":"","format":"standard","meta":{"footnotes":""},"categories":[6,8],"tags":[70,571,178,29],"class_list":["post-5962","post","type-post","status-publish","format-standard","has-post-thumbnail","hentry","category-palestine-moyen-orient","category-prisons","tag-enfants","tag-megiddo","tag-prison","tag-torture"],"_links":{"self":[{"href":"https:\/\/bruxelles-panthere.thefreecat.org\/index.php?rest_route=\/wp\/v2\/posts\/5962","targetHints":{"allow":["GET"]}}],"collection":[{"href":"https:\/\/bruxelles-panthere.thefreecat.org\/index.php?rest_route=\/wp\/v2\/posts"}],"about":[{"href":"https:\/\/bruxelles-panthere.thefreecat.org\/index.php?rest_route=\/wp\/v2\/types\/post"}],"author":[{"embeddable":true,"href":"https:\/\/bruxelles-panthere.thefreecat.org\/index.php?rest_route=\/wp\/v2\/users\/1"}],"replies":[{"embeddable":true,"href":"https:\/\/bruxelles-panthere.thefreecat.org\/index.php?rest_route=%2Fwp%2Fv2%2Fcomments&post=5962"}],"version-history":[{"count":11,"href":"https:\/\/bruxelles-panthere.thefreecat.org\/index.php?rest_route=\/wp\/v2\/posts\/5962\/revisions"}],"predecessor-version":[{"id":5982,"href":"https:\/\/bruxelles-panthere.thefreecat.org\/index.php?rest_route=\/wp\/v2\/posts\/5962\/revisions\/5982"}],"wp:featuredmedia":[{"embeddable":true,"href":"https:\/\/bruxelles-panthere.thefreecat.org\/index.php?rest_route=\/wp\/v2\/media\/5980"}],"wp:attachment":[{"href":"https:\/\/bruxelles-panthere.thefreecat.org\/index.php?rest_route=%2Fwp%2Fv2%2Fmedia&parent=5962"}],"wp:term":[{"taxonomy":"category","embeddable":true,"href":"https:\/\/bruxelles-panthere.thefreecat.org\/index.php?rest_route=%2Fwp%2Fv2%2Fcategories&post=5962"},{"taxonomy":"post_tag","embeddable":true,"href":"https:\/\/bruxelles-panthere.thefreecat.org\/index.php?rest_route=%2Fwp%2Fv2%2Ftags&post=5962"}],"curies":[{"name":"wp","href":"https:\/\/api.w.org\/{rel}","templated":true}]}}