{"id":5803,"date":"2023-11-28T13:03:10","date_gmt":"2023-11-28T12:03:10","guid":{"rendered":"https:\/\/bruxelles-panthere.thefreecat.org\/?p=5803"},"modified":"2023-11-28T13:42:07","modified_gmt":"2023-11-28T12:42:07","slug":"36-experts-independants-de-lonu-alertent-sur-le-genocide-en-gestation-a-gaza","status":"publish","type":"post","link":"https:\/\/bruxelles-panthere.thefreecat.org\/?p=5803","title":{"rendered":"36 experts ind\u00e9pendants de l\u2019ONU alertent sur le \u00ab g\u00e9nocide en gestation \u00bb \u00e0 Gaza"},"content":{"rendered":"<p>Par le Haut-Commissariat des Nations Unies aux droits humains, le 16 novembre 2023<\/p>\n<p>Les graves violations commises par Isra\u00ebl contre les Palestiniens au lendemain du 7 octobre, en particulier \u00e0 Gaza laissent pr\u00e9sager un g\u00e9nocide en devenir, ont d\u00e9clar\u00e9 aujourd\u2019hui des experts de l\u2019ONU.\u00a0Ils ont illustr\u00e9 des preuves d\u2019une incitation croissante au g\u00e9nocide, d\u2019une intention manifeste de \u00ab d\u00e9truire le peuple palestinien sous occupation \u00bb, d\u2019appels bruyants \u00e0 une \u00ab seconde Nakba \u00bb \u00e0 Gaza et dans le reste du territoire palestinien occup\u00e9, et de l\u2019utilisation d\u2019armes puissantes avec des impacts intrins\u00e8quement aveugles entra\u00eenant un bilan colossal de morts et la destruction des infrastructures vitales.<!--more--><a href=\"https:\/\/bruxelles-panthere.thefreecat.org\/wp-content\/uploads\/2023\/11\/handala.jpg\"><img loading=\"lazy\" decoding=\"async\" class=\"aligncenter wp-image-5794 size-large\" src=\"https:\/\/bruxelles-panthere.thefreecat.org\/wp-content\/uploads\/2023\/11\/handala-1024x590.jpg\" alt=\"\" width=\"1024\" height=\"590\" srcset=\"https:\/\/bruxelles-panthere.thefreecat.org\/wp-content\/uploads\/2023\/11\/handala-1024x590.jpg 1024w, https:\/\/bruxelles-panthere.thefreecat.org\/wp-content\/uploads\/2023\/11\/handala-300x173.jpg 300w, https:\/\/bruxelles-panthere.thefreecat.org\/wp-content\/uploads\/2023\/11\/handala-768x442.jpg 768w, https:\/\/bruxelles-panthere.thefreecat.org\/wp-content\/uploads\/2023\/11\/handala-1320x760.jpg 1320w, https:\/\/bruxelles-panthere.thefreecat.org\/wp-content\/uploads\/2023\/11\/handala.jpg 1476w\" sizes=\"auto, (max-width: 1024px) 100vw, 1024px\" \/><\/a><\/p>\n<p>\u00ab Beaucoup d\u2019entre nous ont d\u00e9j\u00e0 tir\u00e9 la sonnette d\u2019alarme sur le risque de g\u00e9nocide \u00e0 Gaza \u00bb, ont d\u00e9clar\u00e9 les experts.\u00a0\u00ab Nous sommes profond\u00e9ment troubl\u00e9s par l\u2019\u00e9chec des gouvernements \u00e0 r\u00e9pondre \u00e0 notre appel et \u00e0 parvenir \u00e0 un cessez-le-feu imm\u00e9diat.\u00a0Nous sommes \u00e9galement profond\u00e9ment pr\u00e9occup\u00e9s par le soutien de certains gouvernements \u00e0 la strat\u00e9gie de guerre d\u2019Isra\u00ebl contre la population assi\u00e9g\u00e9e de Gaza, et par l\u2019\u00e9chec du syst\u00e8me international \u00e0 se mobiliser pour emp\u00eacher le g\u00e9nocide \u00bb, ont-ils d\u00e9clar\u00e9.<\/p>\n<p>Les bombardements et le si\u00e8ge de Gaza auraient tu\u00e9 plus de 11\u00a0000 personnes, bless\u00e9 plus de 27\u00a0000 personnes et d\u00e9plac\u00e9 1,6 million de personnes depuis le 7 octobre 2023, alors que des milliers de personnes se trouvent toujours sous les d\u00e9combres.\u00a0Parmi les personnes tu\u00e9es, environ 41 pour cent sont des enfants et 25 pour cent sont des femmes.\u00a0En moyenne, un enfant est tu\u00e9 et deux sont bless\u00e9s toutes les 10 minutes pendant la guerre, faisant de Gaza un \u00ab cimeti\u00e8re pour enfants \u00bb, selon le secr\u00e9taire g\u00e9n\u00e9ral de l\u2019ONU.\u00a0Pr\u00e8s de 200 m\u00e9decins, 102 membres du personnel de l\u2019ONU, 41 journalistes, d\u00e9fenseurs des droits humains et de premi\u00e8re ligne, ont \u00e9galement \u00e9t\u00e9 tu\u00e9s, tandis que des dizaines de familles sur cinq g\u00e9n\u00e9rations ont \u00e9t\u00e9 an\u00e9anties.<\/p>\n<p>\u00ab Cela se produit alors qu\u2019Isra\u00ebl renforce son blocus ill\u00e9gal de Gaza depuis 16 ans, qui emp\u00eache les gens de s\u2019\u00e9chapper et les laisse sans nourriture, eau, m\u00e9dicaments et carburant depuis des semaines maintenant, malgr\u00e9 les appels internationaux pour permettre l\u2019acc\u00e8s \u00e0 l\u2019aide humanitaire cruciale.\u00a0Comme nous l\u2019avons dit pr\u00e9c\u00e9demment, la famine intentionnelle \u00e9quivaut \u00e0 un crime de guerre \u00bb, ont d\u00e9clar\u00e9 les experts.<\/p>\n<p>Ils ont not\u00e9 que la moiti\u00e9 des infrastructures civiles de Gaza ont \u00e9t\u00e9 d\u00e9truites, notamment plus de 40 000 logements, ainsi que des h\u00f4pitaux, des \u00e9coles, des mosqu\u00e9es, des boulangeries, des conduites d\u2019eau, des \u00e9gouts et des r\u00e9seaux \u00e9lectriques, d\u2019une mani\u00e8re qui menace de mettre fin \u00e0 la La vie palestinienne \u00e0 Gaza est impossible.<\/p>\n<p>\u00ab La r\u00e9alit\u00e9 \u00e0 Gaza, avec sa douleur insupportable et son traumatisme pour les survivants, est une catastrophe aux proportions \u00e9normes \u00bb, ont d\u00e9clar\u00e9 les experts.<\/p>\n<p>\u00ab De telles violations flagrantes ne peuvent \u00eatre justifi\u00e9es au nom de la l\u00e9gitime d\u00e9fense apr\u00e8s les attaques du Hamas du 7 octobre, que nous avons condamn\u00e9es dans les termes les plus fermes possibles \u00bb, ont d\u00e9clar\u00e9 les experts.\u00a0\u00ab Isra\u00ebl reste la puissance occupante dans le territoire palestinien occup\u00e9, qui comprend \u00e9galement la bande de Gaza, et ne peut donc pas mener une guerre contre la population sous son occupation bellig\u00e9rante \u00bb, ont-ils d\u00e9clar\u00e9.<\/p>\n<p>\u00ab Pour \u00eatre l\u00e9gitime, la r\u00e9ponse d\u2019Isra\u00ebl doit s\u2019inscrire strictement dans le cadre du droit international humanitaire \u00bb, ont d\u00e9clar\u00e9 les experts de l\u2019ONU.\u00a0\u00ab La pr\u00e9sence de tunnels souterrains dans certaines parties de Gaza n\u2019\u00e9limine pas le statut civil des individus et des infrastructures qui ne peuvent pas \u00eatre directement cibl\u00e9s ni souffrir de mani\u00e8re disproportionn\u00e9e \u00bb, ont-ils d\u00e9clar\u00e9.<\/p>\n<p>Les experts ont \u00e9galement tir\u00e9 la sonnette d\u2019alarme sur l\u2019escalade de la violence contre les Palestiniens en Cisjordanie occup\u00e9e, de la part de soldats et de colons arm\u00e9s.\u00a0Depuis le 7 octobre 2023, au moins 190 Palestiniens ont \u00e9t\u00e9 tu\u00e9s, plus de 2\u00a0700 bless\u00e9s et plus de 1\u00a0100 personnes d\u00e9plac\u00e9es en Cisjordanie occup\u00e9e.\u00a0Le 9 novembre, les forces isra\u00e9liennes ont \u00e9galement bombard\u00e9, pour la deuxi\u00e8me fois, le camp de r\u00e9fugi\u00e9s de J\u00e9nine avec de l\u2019artillerie lourde et des frappes a\u00e9riennes, tuant au moins 14 Palestiniens.\u00a0L\u2019environnement de plus en plus coercitif a \u00e9galement conduit au d\u00e9placement forc\u00e9 de plusieurs communaut\u00e9s d\u2019\u00e9leveurs et de b\u00e9douins dans la vall\u00e9e du Jourdain et au sud des collines d\u2019H\u00e9bron.<\/p>\n<p>\u00ab Nous sommes profond\u00e9ment afflig\u00e9s par l\u2019\u00e9chec d\u2019Isra\u00ebl \u00e0 accepter un cessez-le-feu imm\u00e9diat \u2013 et par la r\u00e9ticence de la communaut\u00e9 internationale \u00e0 faire pression de mani\u00e8re plus d\u00e9cisive en faveur d\u2019un cessez-le-feu imm\u00e9diat.\u00a0L\u2019incapacit\u00e9 \u00e0 mettre en \u0153uvre d\u2019urgence un cessez-le-feu risque de conduire \u00e0 un g\u00e9nocide men\u00e9 avec des moyens et des m\u00e9thodes de guerre du XXIe si\u00e8cle \u00bb, ont pr\u00e9venu les experts.<\/p>\n<p>Ils ont \u00e9galement exprim\u00e9 leur inqui\u00e9tude face \u00e0 la rh\u00e9torique manifestement g\u00e9nocidaire et d\u00e9shumanisante de la part de hauts responsables du gouvernement isra\u00e9lien, ainsi que de certains groupes professionnels et personnalit\u00e9s publiques, appelant \u00e0 la \u00ab destruction totale \u00bb et \u00e0 \u00ab l\u2019effacement \u00bb de Gaza, \u00e0 la n\u00e9cessit\u00e9 de \u00ab tous en finir \u00bb. et forcer les Palestiniens de Cisjordanie et de J\u00e9rusalem-Est \u00e0 entrer en Jordanie.\u00a0Les experts ont pr\u00e9venu qu\u2019Isra\u00ebl avait d\u00e9montr\u00e9 qu\u2019il disposait de la capacit\u00e9 militaire n\u00e9cessaire pour mettre en \u0153uvre de telles intentions criminelles.<\/p>\n<p>\u00ab C\u2019est pourquoi notre alerte pr\u00e9coce ne doit pas \u00eatre ignor\u00e9e \u00bb, ont d\u00e9clar\u00e9 les experts.<\/p>\n<p>\u00ab La communaut\u00e9 internationale a l\u2019obligation de pr\u00e9venir les atrocit\u00e9s criminelles, y compris le g\u00e9nocide, et devrait imm\u00e9diatement envisager toutes les mesures diplomatiques, politiques et \u00e9conomiques \u00e0 cette fin \u00bb, ont d\u00e9clar\u00e9 les experts.\u00a0Ils ont exhort\u00e9 \u00e0 une action imm\u00e9diate de la part des \u00c9tats membres de l\u2019ONU et du syst\u00e8me des Nations Unies dans son ensemble.<\/p>\n<p>\u00c0 court terme, les experts ont r\u00e9it\u00e9r\u00e9 leur appel \u00e0 Isra\u00ebl et au Hamas pour qu\u2019ils mettent en \u0153uvre un cessez-le-feu imm\u00e9diat et\u00a0:<\/p>\n<ol type=\"1\">\n<li>Permettre l\u2019acheminement sans entrave de l\u2019aide humanitaire dont la population de Gaza a d\u00e9sesp\u00e9r\u00e9ment besoin\u00a0;<\/li>\n<li>Garantir la lib\u00e9ration inconditionnelle, s\u00fbre et s\u00e9curis\u00e9e des otages pris par le Hamas\u00a0;<\/li>\n<li>Veiller \u00e0 ce que les Palestiniens arbitrairement d\u00e9tenus par Isra\u00ebl soient lib\u00e9r\u00e9s imm\u00e9diatement\u00a0;<\/li>\n<li>Ouvrir des couloirs humanitaires vers la Cisjordanie, J\u00e9rusalem-Est et Isra\u00ebl, en particulier pour ceux qui ont \u00e9t\u00e9 les plus touch\u00e9s par cette guerre, les malades, les personnes handicap\u00e9es, les personnes \u00e2g\u00e9es, les femmes enceintes et les enfants\u00a0;<\/li>\n<\/ol>\n<p>Ils ont \u00e9galement recommand\u00e9\u00a0:<\/p>\n<ol start=\"5\" type=\"1\">\n<li>Le d\u00e9ploiement d\u2019une pr\u00e9sence protectrice internationale dans le territoire palestinien occup\u00e9 sous la supervision de l\u2019ONU ;<\/li>\n<li>Collaboration de toutes les parties avec la Commission d\u2019enqu\u00eate sur le territoire palestinien occup\u00e9, y compris J\u00e9rusalem-Est, et Isra\u00ebl, et le Procureur de la Cour p\u00e9nale internationale sur l\u2019enqu\u00eate ouverte en mars 2021, ainsi que sur les crimes d\u00e9coulant des \u00e9v\u00e9nements r\u00e9cents, soulignant que les crimes commis aujourd\u2019hui sont en partie dus \u00e0 un manque de dissuasion et \u00e0 une impunit\u00e9 persistante ;<\/li>\n<li>Mettre en \u0153uvre un embargo sur les armes \u00e0 l\u2019encontre de toutes les parties bellig\u00e9rantes\u00a0;<\/li>\n<li>S\u2019attaquer aux causes sous-jacentes du conflit en mettant fin \u00e0 l\u2019occupation isra\u00e9lienne du territoire palestinien.<\/li>\n<\/ol>\n<p>\u00ab La communaut\u00e9 internationale, y compris non seulement les \u00c9tats mais aussi les acteurs non \u00e9tatiques tels que les entreprises, doit faire tout ce qui est en son pouvoir pour mettre imm\u00e9diatement fin au risque de g\u00e9nocide contre le peuple palestinien et, \u00e0 terme, mettre fin \u00e0 l\u2019apartheid isra\u00e9lien et \u00e0 l\u2019occupation du territoire palestinien \u00bb, a-t-il d\u00e9clar\u00e9. disent les experts.<\/p>\n<p>\u00ab Nous rappelons aux \u00c9tats membres que ce qui est en jeu n\u2019est pas seulement le sort des Isra\u00e9liens et des Palestiniens, mais aussi une grave conflagration du conflit dans la r\u00e9gion, conduisant \u00e0 davantage de violations des droits de l\u2019homme et de souffrances pour des civils innocents \u00bb, ont-ils d\u00e9clar\u00e9.<\/p>\n<p><strong>* Les experts : Francesca Albanese,\u00a0<\/strong>\u00a0<a href=\"https:\/\/www.ohchr.org\/en\/special-procedures\/sr-palestine\">Rapporteuse sp\u00e9ciale sur la situation des droits de l\u2019homme dans le territoire palestinien occup\u00e9 depuis 1967\u00a0<\/a><strong>;\u00a0Margaret Satterthwaite<\/strong>\u00a0,\u00a0\u00a0<a href=\"https:\/\/www.ohchr.org\/en\/special-procedures\/sr-independence-of-judges-and-lawyers\">Rapporteuse sp\u00e9ciale sur l\u2019ind\u00e9pendance des juges et des avocats<\/a>\u00a0;\u00a0<strong>Dorothy Estrada Tanck<\/strong>\u00a0\u00a0(pr\u00e9sidente),\u00a0\u00a0<strong>Claudia Flores, Ivana Krsti\u0107, Haina Lu et Laura Nyirinkindi<\/strong>\u00a0,\u00a0\u00a0<a href=\"https:\/\/www.ohchr.org\/en\/special-procedures\/wg-women-and-girls\">Groupe de travail sur la discrimination \u00e0 l\u2019\u00e9gard des femmes et des filles<\/a>\u00a0;\u00a0<strong>Surya Deva,\u00a0<\/strong>\u00a0<a href=\"https:\/\/www.ohchr.org\/en\/special-procedures\/sr-development\">Rapporteuse sp\u00e9ciale sur le droit au d\u00e9veloppement\u00a0<\/a><strong>;\u00a0Ravindran Daniel<\/strong>\u00a0\u00a0(Pr\u00e9sident-Rapporteur),\u00a0\u00a0<strong>Sorcha MacLeod, Chris Kwaja, Jovana Jezdimirovic Ranito<\/strong>\u00a0,\u00a0\u00a0<strong>Carlos Salazar Couto<\/strong>\u00a0,\u00a0\u00a0<a href=\"https:\/\/www.ohchr.org\/en\/special-procedures\/wg-mercenaries\">Groupe de travail sur l\u2019utilisation de mercenaires<\/a>\u00a0;\u00a0<strong>Barbara G. Reynolds<\/strong>\u00a0\u00a0(pr\u00e9sidente),\u00a0\u00a0<strong>Bina D\u2019Costa<\/strong>\u00a0,\u00a0\u00a0<strong>Dominique Day<\/strong>\u00a0,\u00a0\u00a0<strong>Catherine Namakula<\/strong>\u00a0,\u00a0\u00a0<a href=\"https:\/\/www.ohchr.org\/en\/special-procedures\/wg-african-descent\">Groupe de travail d\u2019experts sur les personnes d\u2019ascendance africaine<\/a>\u00a0;\u00a0<strong>Pedro Arrojo-Agudo,\u00a0<\/strong>\u00a0<a href=\"https:\/\/www.ohchr.org\/en\/special-procedures\/sr-water-and-sanitation\">Rapporteur sp\u00e9cial sur les droits humains \u00e0 l\u2019eau potable et \u00e0 l\u2019assainissement<\/a>\u00a0;\u00a0<strong>Olivier De Schutter,\u00a0<\/strong>\u00a0<a href=\"https:\/\/www.ohchr.org\/en\/special-procedures\/sr-poverty\/olivier-de-schutter\">Rapporteur sp\u00e9cial sur l\u2019extr\u00eame pauvret\u00e9 et les droits de l\u2019homme<\/a>\u00a0;\u00a0<strong>Farida Shaheed<\/strong>\u00a0,\u00a0\u00a0<a href=\"https:\/\/www.ohchr.org\/en\/special-procedures\/sr-education\/farida-shaheed\">Rapporteuse sp\u00e9ciale sur le droit \u00e0 l\u2019\u00e9ducation<\/a>\u00a0;\u00a0<strong>Damilola Olawuyi<\/strong>\u00a0\u00a0(pr\u00e9sidente),\u00a0\u00a0<strong>Robert McCorquodale<\/strong>\u00a0\u00a0(vice-pr\u00e9sident),\u00a0\u00a0<strong>El\u017cbieta Karska<\/strong>\u00a0,\u00a0\u00a0<strong>Fernanda Hopenhaym<\/strong>\u00a0et\u00a0\u00a0<strong>Pichamon Yeophantong<\/strong>\u00a0,\u00a0\u00a0<a href=\"https:\/\/www.ohchr.org\/en\/special-procedures\/wg-business\">groupe de travail sur la question des droits de l\u2019homme et des soci\u00e9t\u00e9s transnationales et autres entreprises<\/a>\u00a0;\u00a0<strong>Siobh\u00e1n Mullally<\/strong>\u00a0,\u00a0\u00a0<a href=\"https:\/\/www.ohchr.org\/en\/special-procedures\/sr-trafficking-in-persons\">Rapporteuse sp\u00e9ciale sur la traite des personnes, en particulier des femmes et des enfants<\/a>\u00a0;\u00a0<strong>Livingstone Sewanyana<\/strong>\u00a0,\u00a0\u00a0<a href=\"https:\/\/www.ohchr.org\/en\/special-procedures\/ie-international-order\">Expert ind\u00e9pendant sur la promotion d\u2019un ordre international d\u00e9mocratique et \u00e9quitable<\/a>\u00a0;\u00a0<strong>Balakrishnan Rajagopal,\u00a0<\/strong>\u00a0<a href=\"https:\/\/www.ohchr.org\/en\/special-procedures\/sr-housing\">Rapporteur sp\u00e9cial sur le droit \u00e0 un logement convenable<\/a>\u00a0;\u00a0<strong>Ashwini KP\u00a0<\/strong>\u00a0<a href=\"https:\/\/www.ohchr.org\/en\/special-procedures\/sr-racism\/ms-ashwini-kp\">Rapporteur sp\u00e9cial sur les formes contemporaines de racisme, de discrimination raciale, de x\u00e9nophobie et de l\u2019intol\u00e9rance qui y est associ\u00e9e<\/a>\u00a0;\u00a0<strong>Paula Gaviria Betancur<\/strong>\u00a0,\u00a0\u00a0<a href=\"https:\/\/www.ohchr.org\/en\/special-procedures\/sr-internally-displaced-persons\">Rapporteuse sp\u00e9ciale sur les droits humains des personnes d\u00e9plac\u00e9es \u00e0 l\u2019int\u00e9rieur du pays<\/a>\u00a0;\u00a0<strong>Mary Lawlor<\/strong>\u00a0,\u00a0\u00a0<a href=\"https:\/\/www.ohchr.org\/en\/special-procedures\/sr-human-rights-defenders\">Rapporteuse sp\u00e9ciale sur la situation des d\u00e9fenseurs des droits de l\u2019homme<\/a>\u00a0;\u00a0<strong>Claudia Mahler<\/strong>\u00a0,\u00a0\u00a0<a href=\"https:\/\/www.ohchr.org\/en\/special-procedures\/ie-older-persons\">experte ind\u00e9pendante sur la jouissance de tous les droits de l\u2019homme par les personnes \u00e2g\u00e9es<\/a>\u00a0;\u00a0<strong>Ben Sa\u00fcl<\/strong>\u00a0,\u00a0<a href=\"https:\/\/www.ohchr.org\/en\/special-procedures\/sr-terrorism#%3a~%3atext=At%20its%20thirty-fifth%20session%2coffice%20on%201%20August%202017.\">Rapporteur sp\u00e9cial sur la promotion et la protection des droits de l\u2019homme et des libert\u00e9s fondamentales dans la lutte contre le terrorisme<\/a>\u00a0;\u00a0<strong>Irene Khan\u00a0<\/strong>\u00a0<a href=\"https:\/\/www.ohchr.org\/en\/special-procedures\/sr-freedom-of-opinion-and-expression\">Rapporteuse sp\u00e9ciale pour la libert\u00e9 d\u2019opinion et d\u2019expression<\/a>\u00a0;\u00a0<strong>Mme Reem Alsalem,\u00a0<\/strong><a href=\"https:\/\/www.ohchr.org\/en\/special-procedures\/sr-violence-against-women\">Rapporteuse sp\u00e9ciale sur la violence contre les femmes et les filles, ses causes et ses cons\u00e9quences<\/a>\u00a0;\u00a0<strong>Tomoya Obokata<\/strong>\u00a0,\u00a0<a href=\"https:\/\/www.ohchr.org\/en\/special-procedures\/sr-slavery\">Rapporteur sp\u00e9cial sur les formes contemporaines d\u2019esclavage, y compris ses causes et ses cons\u00e9quences<\/a>\u00a0.<\/p>\n<p>Les rapporteurs sp\u00e9ciaux, experts ind\u00e9pendants et groupes de travail font partie de ce que l\u2019on appelle les\u00a0\u00a0<a href=\"https:\/\/www.ohchr.org\/en\/special-procedures-human-rights-council\"><strong>proc\u00e9dures sp\u00e9ciales<\/strong><\/a>\u00a0\u00a0du Conseil des droits de l\u2019homme.\u00a0Proc\u00e9dures sp\u00e9ciales, le plus grand corps d\u2019experts ind\u00e9pendants du syst\u00e8me des droits de l\u2019homme des Nations Unies, est le nom g\u00e9n\u00e9ral des m\u00e9canismes ind\u00e9pendants d\u2019enqu\u00eate et de surveillance du Conseil.\u00a0Les titulaires de mandat des proc\u00e9dures sp\u00e9ciales sont des experts ind\u00e9pendants en mati\u00e8re de droits de l\u2019homme nomm\u00e9s par le Conseil des droits de l\u2019homme pour traiter soit de situations nationales sp\u00e9cifiques, soit de questions th\u00e9matiques dans toutes les r\u00e9gions du monde.\u00a0Les experts des proc\u00e9dures sp\u00e9ciales travaillent sur une base b\u00e9n\u00e9vole ;\u00a0ils ne font pas partie du personnel de l\u2019ONU et ne re\u00e7oivent pas de salaire pour leur travail.\u00a0Ils sont ind\u00e9pendants de tout gouvernement ou organisation et servent \u00e0 titre individuel.<\/p>\n<p>Source : https:\/\/www.ohchr.org\/en\/press-releases\/2023\/11\/gaza-un-experts-call-international-community-prevent-genocide-against<\/p>\n<p>Source :\u00a0<a href=\"https:\/\/www.ohchr.org\/en\/press-releases\/2023\/11\/gaza-un-experts-call-international-community-prevent-genocide-against\">United Nation Human Rights<\/a><\/p>\n<p>Traduction : AJC pour l\u2019Agence M\u00e9dia Palestine<\/p>\n<h1 class=\"elementor-heading-title elementor-size-default\" style=\"text-align: center;\">Gaza \u2013 O\u00f9 est la loi ?<\/h1>\n<p>Par Reed Brody, le 10 novembre 2023<\/p>\n<p>Alors qu\u2019Isra\u00ebl lan\u00e7ait sa campagne a\u00e9rienne \u00e0 Gaza le mois dernier, des bombes ont d\u00e9truit la maison de mon cher ami Raji Sourani, directeur du Centre palestinien pour les droits de l\u2019homme.\u00a0Trois jours plus t\u00f4t, Sourani avait\u00a0<a href=\"https:\/\/www.democracynow.org\/2023\/10\/17\/raji_sourani_gaza\">d\u00e9clar\u00e9 \u00e0\u00a0<\/a><em>Democracy Now !\u00a0<\/em>, \u00ab Je suis ici comme un\u00a0<em>olivier<\/em>\u00a0.\u00a0Nous ne quitterons jamais notre patrie.\u00a0Mais lorsque les bombes pleuvent, il se demande s\u2019il n\u2019a pas commis une erreur en refusant de partir.\u00a0Il n\u2019avait pas voulu \u00ab faire partie de la nouvelle Nakba \u00bb, comme il l\u2019a \u00e9crit \u00e0 ses amis apr\u00e8s avoir surv\u00e9cu.<\/p>\n<p>Ce qui rend l\u2019attaque contre la maison de Sourani particuli\u00e8rement inqui\u00e9tante parmi tous les meurtres gratuits du mois dernier, c\u2019est que Raji,\u00a0<a href=\"https:\/\/rfkhumanrights.org\/raji-sourani\">laur\u00e9at<\/a>\u00a0du prix Robert F. Kennedy pour les droits de l\u2019homme, symbolise depuis 40 ans la tentative d\u2019utiliser la loi pour r\u00e9parer les crimes isra\u00e9liens contre les civils palestiniens, y compris les crimes de guerre, les punitions collectives,\u00a0<a href=\"https:\/\/www.amnesty.org\/en\/latest\/campaigns\/2017\/06\/israel-occupation-50-years-of-dispossession\/\">les colonies ill\u00e9gales<\/a>\u00a0et\u00a0<a href=\"https:\/\/www.hrw.org\/report\/2021\/04\/27\/threshold-crossed\/israeli-authorities-and-crimes-apartheid-and-persecution\">l\u2019apartheid.<\/a><\/p>\n<p>Je me souviens d\u2019\u00eatre assis \u00e0 c\u00f4t\u00e9 de Sourani \u00e0 La Haye en d\u00e9cembre 2020 lorsqu\u2019il a regard\u00e9 la procureure de la Cour p\u00e9nale internationale, Fatou Bensouda, dans les yeux et l\u2019a suppli\u00e9e de dire aux Palestiniens qu\u2019ils pouvaient faire confiance \u00e0 la CPI pour tenir compte de leur sort, que la Cour pouvait les assurer que le droit international a encore un sens pour eux et la violence n\u2019est pas la seule arme dont ils disposent.<\/p>\n<p>Le fait est, cependant, que toute tentative visant \u00e0 utiliser la CPI et d\u2019autres institutions pour tenir les responsables isra\u00e9liens l\u00e9galement responsables a \u00e9t\u00e9 \u00e9cart\u00e9e ou d\u00e9l\u00e9gitim\u00e9e en tant que \u00ab guerre juridique \u00bb.\u00a0Les plaintes d\u00e9pos\u00e9es en Europe contre les dirigeants isra\u00e9liens sur la base de la \u00ab comp\u00e9tence universelle \u00bb \u2013 le soi-disant \u00ab\u00a0<a href=\"https:\/\/www.icj.org\/icj-commissioner-reed-brody-twenty-years-later-pinochets-arrest-remains-an-inspiration\/\">principe de Pinochet<\/a>\u00a0\u00bb selon lequel la justice doit \u00eatre rendue devant les tribunaux \u00e0 l\u2019\u00e9tranger \u2013 n\u2019ont pas seulement \u00e9t\u00e9 rejet\u00e9es ;\u00a0dans certains cas, les lois en question ont \u00e9t\u00e9 r\u00e9duites de sorte que de telles affaires ne puissent plus \u00eatre intent\u00e9es \u00e0 l\u2019avenir.<\/p>\n<p>Les efforts palestiniens pour invoquer la CPI ont pris du retard depuis presque 15 ans depuis que l\u2019Autorit\u00e9 palestinienne (AP) a soumis une d\u00e9claration acceptant la comp\u00e9tence de la Cour en janvier 2009, \u00e0 la suite de l\u2019op\u00e9ration \u00ab Plomb durci \u00bb d\u2019Isra\u00ebl, qui a fait plus de 1\u00a0400 morts dans la bande de Gaza.\u00a0Le procureur Luis Moreno Ocampo, sous la forte pression des \u00c9tats-Unis (qui ne sont m\u00eame pas eux-m\u00eames partie \u00e0 la CPI), a pass\u00e9 trois ans \u00e0 se demander s\u2019il avait les comp\u00e9tences avant de soumettre l\u2019affaire\u00a0<a href=\"https:\/\/www.icc-cpi.int\/sites\/default\/files\/NR\/rdonlyres\/C6162BBF-FEB9-4FAF-AFA9-836106D2694A\/284387\/SituationinPalestine030412ENG.pdf\">\u00e0<\/a>\u00a0d\u2019autres organes de l\u2019ONU.\u00a0Apr\u00e8s que l\u2019Assembl\u00e9e g\u00e9n\u00e9rale des Nations Unies\u00a0<a href=\"https:\/\/www.nytimes.com\/2012\/11\/30\/world\/middleeast\/Palestinian-Authority-United-Nations-Israel.html\">a reconnu<\/a>\u00a0la Palestine comme\u00a0<a href=\"https:\/\/www.hrw.org\/news\/2012\/11\/29\/palestine-newest-observer-state-should-act-rights-treaties\">\u00c9tat observateur<\/a>\u00a0et que la Palestine a ratifi\u00e9 en 2015 le Statut de Rome r\u00e9gissant la CPI, la procureure Bensouda a men\u00e9, selon ses propres mots, \u00ab un examen pr\u00e9liminaire minutieux\u2026 qui a dur\u00e9 pr\u00e8s de cinq ans \u00bb avant d\u2019ouvrir une enqu\u00eate\u00a0<a href=\"https:\/\/www.icc-cpi.int\/news\/statement-icc-prosecutor-fatou-bensouda-respecting-investigation-situation-palestine\">formelle<\/a>\u00a0en mars 2021, alors que son mandat de neuf ans \u00e9tait sur le point d\u2019expirer.\u00a0\u00c0 ce moment-l\u00e0, l\u2019administration Trump avait impos\u00e9 des sanctions \u00e0 Bensouda pour son enqu\u00eate sur les crimes pr\u00e9sum\u00e9s des \u00c9tats-Unis en Afghanistan et pour dissuader toute nouvelle action de la CPI sur la Palestine.\u00a0M\u00eame en 2021, lorsque l\u2019administration Biden a lev\u00e9 ces sanctions, le secr\u00e9taire d\u2019\u00c9tat Anthony Blinken\u00a0<a href=\"https:\/\/www.state.gov\/ending-sanctions-and-visa-restrictions-against-personnel-of-the-international-criminal-court\/\">a maintenu<\/a>\u00a0\u00ab l\u2019objection de longue date des \u00c9tats-Unis aux efforts de la Cour pour affirmer sa comp\u00e9tence sur le personnel d\u2019\u00c9tats non parties tels que les \u00c9tats-Unis et Isra\u00ebl \u00bb.<\/p>\n<p>En revanche, lorsque la Russie a envahi l\u2019Ukraine en f\u00e9vrier 2022, le nouveau procureur de la CPI, l\u2019astucieux Britannique Karim Khan, \u00e9lu avec un fort soutien du Royaume-Uni et des \u00c9tats-Unis, a effectu\u00e9 de multiples visites dans un pays qu\u2019il a qualifi\u00e9 de \u00ab sc\u00e8ne de crime \u00bb, ouvrant la plus grande enqu\u00eate de l\u2019histoire d\u2019ICC et a lev\u00e9 des sommes sans pr\u00e9c\u00e9dent d\u2019argent extrabudg\u00e9taire et de personnel temporaire en provenance des pays occidentaux.\u00a0M\u00eame les \u00c9tats-Unis ont exprim\u00e9 leur\u00a0<a href=\"https:\/\/www.state.gov\/briefings-foreign-press-centers\/war-crimes-and-accountability-in-ukraine\">soutien<\/a>\u00a0, m\u00eame si la CPI exer\u00e7ait sa juridiction sur les ressortissants d\u2019un pays \u2013 la Russie \u2013 qui, comme Isra\u00ebl et les \u00c9tats-Unis, n\u2019\u00e9tait pas partie \u00e0 la CPI.\u00a0En mars 2023, Khan avait\u00a0<a href=\"https:\/\/www.thenation.com\/article\/world\/putin-russia-ukraine-war\/\">\u00e9mis<\/a>\u00a0un mandat d\u2019arr\u00eat contre Vladimir Poutine suite \u00e0 l\u2019expulsion de milliers d\u2019enfants d\u2019Ukraine.<\/p>\n<p>Sourani a soutenu l\u2019enqu\u00eate sur l\u2019Ukraine mais a d\u00e9plor\u00e9 \u00e0 l\u2019\u00e9poque que le procureur n\u2019ait fait aucune tentative similaire pour lever des fonds ext\u00e9rieurs pour financer l\u2019enqu\u00eate sur la Palestine, n\u2019ait jamais parl\u00e9 de \u00ab sc\u00e8ne de crime \u00bb et n\u2019ait apparemment pas cherch\u00e9 \u00e0 se rendre en Palestine.\u00a0Khan\u00a0<a href=\"https:\/\/asp.icc-cpi.int\/sites\/asp\/files\/2022-12\/ASP21-STMT-PROS-ENG.pdf\">a annonc\u00e9<\/a>\u00a0lors de l\u2019Assembl\u00e9e de la CPI en d\u00e9cembre 2022 qu\u2019il esp\u00e9rait se rendre en Palestine en 2023, mais on sait qu\u2019Isra\u00ebl a rejet\u00e9 sa demande.\u00a0Le fait est qu\u2019\u00e0 ce jour, aucun responsable isra\u00e9lien n\u2019a eu \u00e0 faire face \u00e0 des accusations internationales pour des crimes commis au cours de plusieurs d\u00e9cennies de conflit, cr\u00e9ant ainsi un sentiment d\u2019\u00a0<a href=\"https:\/\/www.ohchr.org\/sites\/default\/files\/documents\/countries\/palestine\/2023-03-23-Letter-ICC-Palestine.pdf\">impunit\u00e9<\/a>\u00a0.\u00a0Apr\u00e8s avoir surv\u00e9cu au bombardement de sa maison, Sourani\u00a0<a href=\"https:\/\/www.democracynow.org\/2023\/10\/23\/raji_sourani_gaza_new_nakba\">a d\u00e9clar\u00e9 \u00e0\u00a0<em>Democracy Now !\u00a0<\/em><\/a>il consid\u00e9rait Khan comme \u00ab complice \u00bb en raison de son inactivit\u00e9 dans les crimes qui se d\u00e9roulent actuellement \u00e0 Gaza.\u00a0(Au moment o\u00f9 j\u2019\u00e9cris, Sourani est toujours dans la ville de Gaza, tr\u00e8s proche des bombes isra\u00e9liennes, et incapable d\u2019en sortir.)<\/p>\n<p>Face aux atrocit\u00e9s et\u00a0<a href=\"https:\/\/dawnmena.org\/u-s-monitor-and-restrict-use-of-u-s-weapons-by-israel-to-avoid-complicity-in-war-crimes\/\">aux critiques<\/a>\u00a0croissantes concernant l\u2019absence de commentaires de la CPI, Khan a cependant rompu son silence en se rendant au point de passage de Rafah, entre l\u2019\u00c9gypte et Gaza, le 29 octobre, puis en pronon\u00e7ant au Caire un\u00a0discours inhabituellement\u00a0<a href=\"https:\/\/www.icc-cpi.int\/news\/statement-icc-prosecutor-karim-khan-kc-cairo-situation-state-palestine-and-israel#:~:text=International%20Criminal%20Court%20Prosecutor%20Karim,State%20of%20Palestine%20and%20Israel.\">fort et \u00e9mouvant<\/a>\u00a0qui rappelait revenons \u00e0 sa rh\u00e9torique fulgurante apr\u00e8s l\u2019invasion de l\u2019Ukraine par la Russie.\u00a0Il a parl\u00e9 en d\u00e9tail des attaques cruelles et des prises d\u2019otages du Hamas le 7 octobre, qu\u2019il a qualifi\u00e9s de crimes, ainsi que de la r\u00e9ponse isra\u00e9lienne.\u00a0Il a tenu \u00e0 avertir le gouvernement isra\u00e9lien que toute attaque susceptible de tuer des civils doit respecter les principes du droit international de \u00ab distinction, pr\u00e9caution et proportionnalit\u00e9 \u00bb.\u00a0En d\u2019autres termes, chaque fois que les Isra\u00e9liens frappent une maison, une \u00e9cole, un h\u00f4pital, une \u00e9glise ou une mosqu\u00e9e, ils doivent se rappeler que ces lieux jouissent d\u2019un statut prot\u00e9g\u00e9 \u2013 \u00ab \u00e0 moins que le statut protecteur n\u2019ait \u00e9t\u00e9 perdu\u2026 [et] le fardeau il appartient \u00e0 ceux qui tirent le canon, le missile ou la roquette en question de prouver que le statut de protection a \u00e9t\u00e9 perdu.<\/p>\n<p>Aucun procureur n\u2019a jamais parl\u00e9 aussi cr\u00fbment \u00e0 Isra\u00ebl.\u00a0La question est maintenant de savoir si Khan prendra des mesures pour donner suite \u00e0 ses paroles fortes.\u00a0Va-t-il donner suite aux accusations d\u2019apartheid et de crimes de guerre, notamment de colonies ill\u00e9gales, qui sont sur son bureau depuis des ann\u00e9es ?\u00a0Isra\u00ebl lui permettra-t-il d\u2019enqu\u00eater sur le terrain ?\u00a0Les \u00c9tats-Unis abandonneront-ils leur objection de longue date au r\u00f4le de la CPI ?\u00a0Y aura-t-il enfin une place pour la responsabilisation dans le conflit isra\u00e9lo-palestinien ?<\/p>\n<p>Source :\u00a0<a href=\"https:\/\/www.thenation.com\/article\/world\/gaza-israel-hamas-war\/\">The Nation<\/a><\/p>\n<p>Traduction : AJC pour l\u2019Agence M\u00e9dia Palestine<\/p>\n<table id=\"m_7998500597069543434ml-block-195839053\" class=\"m_7998500597069543434mlContentTable\" border=\"0\" width=\"640\" cellspacing=\"0\" cellpadding=\"0\" align=\"center\" bgcolor=\"#FFFFFF\">\n<tbody>\n<tr>\n<td>\n<table class=\"m_7998500597069543434mlContentTable\" border=\"0\" width=\"640\" cellspacing=\"0\" cellpadding=\"0\" align=\"center\" bgcolor=\"#FFFFFF\">\n<tbody>\n<tr>\n<td class=\"m_7998500597069543434mlContentContainer\" align=\"center\">\n<h1>CPI : poursuivre les criminels de guerre de l\u2019apartheid isra\u00e9lien<\/h1>\n<\/td>\n<\/tr>\n<\/tbody>\n<\/table>\n<\/td>\n<\/tr>\n<\/tbody>\n<\/table>\n<table id=\"m_7998500597069543434ml-block-195839061\" class=\"m_7998500597069543434mlContentTable\" border=\"0\" width=\"640\" cellspacing=\"0\" cellpadding=\"0\" align=\"center\" bgcolor=\"#FFFFFF\">\n<tbody>\n<tr>\n<td>\n<table class=\"m_7998500597069543434mlContentTable\" border=\"0\" width=\"640\" cellspacing=\"0\" cellpadding=\"0\" align=\"center\" bgcolor=\"#FFFFFF\">\n<tbody>\n<tr>\n<td class=\"m_7998500597069543434mlContentContainer m_7998500597069543434mlContentImage m_7998500597069543434mlContentHeight\" align=\"center\"><img decoding=\"async\" class=\"m_7998500597069543434mlContentImage CToWUd a6T\" tabindex=\"0\" src=\"https:\/\/ci4.googleusercontent.com\/proxy\/UxbreL4lHg0o8A0sBc9Hq7jJ0PL_pydO_GWuafYWUXJH0hrnYaucz-02X7SSzlk_DoX6b_F19VUEXOkETJ_jgFelwPDvyAFmH_XpOeuDkgLiIR1C46cDT7gMOIwmZ03pROdYMtQOgc2jJlnReycfNUO7TSXqBE7YXihnj1xTASXESvcM31i920acE_F2qjpaRFxO_msBBhfpCw=s0-d-e1-ft#https:\/\/bucket.mlcdn.com\/a\/14\/14523\/images\/60342fb6c8fc95c9d8e8329fb1176cf52e32ebab.jpeg\/c615cf967442894b42cc30b1074afd681f811819.jpeg\" width=\"540\" border=\"0\" data-bit=\"iit\" \/><\/td>\n<\/tr>\n<\/tbody>\n<\/table>\n<\/td>\n<\/tr>\n<\/tbody>\n<\/table>\n<table id=\"m_7998500597069543434ml-block-195839048\" class=\"m_7998500597069543434mlContentTable\" border=\"0\" width=\"640\" cellspacing=\"0\" cellpadding=\"0\" align=\"center\" bgcolor=\"#FFFFFF\">\n<tbody>\n<tr>\n<td>\n<table class=\"m_7998500597069543434mlContentTable\" border=\"0\" width=\"640\" cellspacing=\"0\" cellpadding=\"0\" align=\"center\" bgcolor=\"#FFFFFF\">\n<tbody>\n<tr>\n<td class=\"m_7998500597069543434mlContentContainer\" align=\"left\">\u00ab\u00a0Le\u00a0Comit\u00e9 national palestinien BDS (BNC),\u00a0la plus grande coalition de la soci\u00e9t\u00e9 palestinienne,\u00a0salue chaleureusement le proc\u00e8s intent\u00e9 par les organisations palestiniennes de d\u00e9fense des droits de l\u2019homme \u00e0 la Cour p\u00e9nale internationale (CPI)\u00a0appelant \u00e0\u00a0l\u2019\u00e9mission\u00a0de mandats d\u2019arr\u00eat\u00a0contre les dirigeants isra\u00e9liens pour crimes de guerre, crimes contre l\u2019humanit\u00e9 et le g\u00e9nocide.Les organisations sont repr\u00e9sent\u00e9es par Emmanuel Daoud, qui a intent\u00e9 avec succ\u00e8s une action en justice aupr\u00e8s de la CPI contre des dirigeants russes pour crimes de guerre en Ukraine.\u00a0\u00bb<\/p>\n<p>Comme le dit ce proc\u00e8s : \u00ab Il n\u2019y a pas de place pour deux poids, deux mesures dans la justice internationale. \u00bb Au-del\u00e0 de l\u2019hypocrisie, la CPI est consid\u00e9r\u00e9e dans les pays du Sud comme un outil des gouvernements occidentaux. Nous appelons \u00e0 maximiser la pression internationale sur la CPI pour qu\u2019elle remplisse son devoir de mettre fin de toute urgence au #GazaGenocide d\u2019Isra\u00ebl. Tous les dirigeants isra\u00e9liens, y compris le pr\u00e9sident Isaac Herzog, le premier ministre Benjamin Netanyahu et le ministre de la \u00ab D\u00e9fense \u00bb Yoav Gallant, doivent \u00eatre jug\u00e9s pour leur r\u00f4le dans le g\u00e9nocide contre 2,3 millions de Palestiniens dans la bande de Gaza occup\u00e9e et assi\u00e9g\u00e9e.<\/p>\n<p>L\u2019ensemble du r\u00e9gime de colonisation et d\u2019apartheid d\u2019Isra\u00ebl, arm\u00e9, financ\u00e9 et prot\u00e9g\u00e9 de toute responsabilit\u00e9 internationale par les \u00c9tats-Unis et l\u2019Europe, est soutenu par des \u00c9tats, des institutions et des entreprises complices qui doivent tous \u00eatre tenus responsables.<\/td>\n<\/tr>\n<\/tbody>\n<\/table>\n<\/td>\n<\/tr>\n<\/tbody>\n<\/table>\n<section class=\"elementor-section elementor-top-section elementor-element elementor-element-52689169 elementor-section-height-min-height elementor-section-boxed elementor-section-height-default elementor-section-items-middle\" data-id=\"52689169\" data-element_type=\"section\" data-settings=\"{&quot;background_background&quot;:&quot;classic&quot;}\">\n<div class=\"elementor-container elementor-column-gap-default\">\n<div class=\"elementor-column elementor-col-100 elementor-top-column elementor-element elementor-element-742b69d1\" data-id=\"742b69d1\" data-element_type=\"column\">\n<div class=\"elementor-widget-wrap elementor-element-populated\">\n<div class=\"elementor-element elementor-element-1c4e14a0 elementor-widget elementor-widget-theme-post-title elementor-page-title elementor-widget-heading\" data-id=\"1c4e14a0\" data-element_type=\"widget\" data-widget_type=\"theme-post-title.default\">\n<div class=\"elementor-widget-container\">\n<h1 class=\"elementor-heading-title elementor-size-default\" style=\"text-align: center;\">La Harvard Law Review a refus\u00e9 de publier cet article sur le g\u00e9nocide \u00e0 Gaza<\/h1>\n<\/div>\n<\/div>\n<\/div>\n<\/div>\n<\/div>\n<\/section>\n<section class=\"elementor-section elementor-top-section elementor-element elementor-element-561a7e47 elementor-section-boxed elementor-section-height-default elementor-section-height-default\" data-id=\"561a7e47\" data-element_type=\"section\">\n<div class=\"elementor-container elementor-column-gap-default\">\n<div class=\"elementor-column elementor-col-66 elementor-top-column elementor-element elementor-element-49c230e9\" data-id=\"49c230e9\" data-element_type=\"column\" data-settings=\"{&quot;background_background&quot;:&quot;classic&quot;}\">\n<div class=\"elementor-widget-wrap elementor-element-populated\">\n<div class=\"elementor-element elementor-element-109856e2 elementor-widget elementor-widget-theme-post-content\" data-id=\"109856e2\" data-element_type=\"widget\" data-widget_type=\"theme-post-content.default\">\n<div class=\"elementor-widget-container\">\n<p>Par Rabea Eghbariah, 21 novembre 2023<\/p>\n<p>Samedi, le conseil d\u2019administration de la\u00a0<em>Harvard Law Review<\/em>\u00a0a d\u00e9cid\u00e9 de ne pas publier \u00ab\u00a0<em>The Ongoing Nakba : Towards a Legal Framework for Palestine<\/em>\u00a0\u00bb [\u00ab\u00a0La Nakba continue : vers un cadre juridique pour la Palestine\u00a0\u00bb], un article de Rabea Eghbariah, avocat sp\u00e9cialis\u00e9 dans les droits humains terminant ses \u00e9tudes doctorales \u00e0 la Harvard Law School. Ce vote fait suite \u00e0 ce qu\u2019un r\u00e9dacteur de la revue juridique a d\u00e9crit dans un courriel adress\u00e9 \u00e0 Eghbariah comme \u00ab\u00a0une d\u00e9cision sans pr\u00e9c\u00e9dent\u00a0\u00bb de la part de la direction de la revue juridique de Harvard pour emp\u00eacher la publication de l\u2019article.<\/p>\n<p>M. Eghbariah a expliqu\u00e9 \u00e0\u00a0<em>The Nation<\/em>\u00a0que l\u2019article, qui \u00e9tait destin\u00e9 au HLR Blog, avait \u00e9t\u00e9 sollicit\u00e9 par deux des r\u00e9dacteurs en ligne de la revue. Il s\u2019agirait du premier article \u00e9crit par un universitaire palestinien pour la revue juridique. L\u2019article a fait l\u2019objet de plusieurs r\u00e9visions, mais avant qu\u2019il ne soit publi\u00e9, le pr\u00e9sident est intervenu. \u00ab\u00a0La discussion n\u2019a pas port\u00e9 sur les aspects techniques ou le fond de votre article\u00a0\u00bb, a \u00e9crit Tascha Shahriari-Parsa, \u00e9ditrice, \u00e0 M. Eghbariah dans un courriel transmis \u00e0\u00a0<em>The Nation<\/em>. \u00ab\u00a0La discussion a plut\u00f4t port\u00e9 sur des pr\u00e9occupations concernant les r\u00e9dacteurs qui pourraient s\u2019opposer \u00e0 l\u2019article ou \u00eatre offens\u00e9s par celui-ci, ainsi que sur la crainte que l\u2019article ne provoque une r\u00e9action de la part de membres du public qui pourraient \u00e0 leur tour harceler, d\u00e9noncer ou tenter d\u2019intimider nos r\u00e9dacteurs, notre personnel et la direction de HLR\u00a0\u00bb.<\/p>\n<p>Samedi, apr\u00e8s plusieurs jours de d\u00e9bat et une r\u00e9union de pr\u00e8s de six heures, l\u2019ensemble du corps \u00e9ditorial de la\u00a0<em>Harvard Law Review<\/em>\u00a0s\u2019est r\u00e9uni pour voter sur la publication de l\u2019article. Soixante-trois pour cent des membres ont vot\u00e9 contre la publication. Dans un courriel adress\u00e9 \u00e0 M. Egbariah, le pr\u00e9sident de la\u00a0<em>HLR<\/em>, Apsara Iyer, a \u00e9crit : \u00ab\u00a0Bien que cette d\u00e9cision puisse refl\u00e9ter plusieurs facteurs propres \u00e0 chaque r\u00e9dacteur en chef, elle n\u2019est pas fond\u00e9e sur votre identit\u00e9 ou votre point de vue\u00a0\u00bb.<\/p>\n<p>Dans une d\u00e9claration transmise \u00e0\u00a0<em>The Nation<\/em>, un groupe de 25 r\u00e9dacteurs en chef de la\u00a0<em>HLR<\/em>\u00a0a exprim\u00e9 ses pr\u00e9occupations quant \u00e0 cette d\u00e9cision. \u00ab\u00a0\u00c0 un moment o\u00f9 la\u00a0<em>Law Review<\/em>\u00a0\u00e9tait confront\u00e9e \u00e0 une campagne publique d\u2019intimidation et de harc\u00e8lement, la direction de la revue est intervenue pour arr\u00eater la publication\u00a0\u00bb, \u00e9crivent-ils. \u00ab\u00a0Le corps des r\u00e9dacteurs, dont aucun n\u2019est palestinien, a vot\u00e9 en faveur de cette d\u00e9cision. Nous n\u2019avons connaissance d\u2019aucun autre article sollicit\u00e9 qui ait \u00e9t\u00e9 r\u00e9voqu\u00e9 par la\u00a0<em>Law Review<\/em>\u00a0de cette mani\u00e8re.\u00a0\u00bb<\/p>\n<p>Interrog\u00e9e \u00e0 ce sujet, la direction de la\u00a0<em>Harvard Law Review<\/em>\u00a0a renvoy\u00e9\u00a0<em>The Nation<\/em>\u00a0\u00e0 un message publi\u00e9 sur le site Internet de la revue. \u00ab\u00a0Comme toute revue universitaire, la\u00a0<em>Harvard Law Review<\/em>\u00a0dispose de proc\u00e9dures \u00e9ditoriales rigoureuses r\u00e9gissant la mani\u00e8re dont elle sollicite, \u00e9value et d\u00e9termine quand et si elle doit publier un article\u2026\u00a0\u00bb, commence la note. \u00ab\u00a0La semaine derni\u00e8re, le corps entier s\u2019est r\u00e9uni et a d\u00e9lib\u00e9r\u00e9 sur la question de savoir s\u2019il fallait publier un article de blog particulier qui avait \u00e9t\u00e9 sollicit\u00e9 par deux r\u00e9dacteurs en chef. Une majorit\u00e9 substantielle a vot\u00e9 contre la publication\u00a0\u00bb.<\/p>\n<figure class=\"wp-block-image\"><img decoding=\"async\" src=\"blob:https:\/\/agencemediapalestine.fr\/409b1016-22b0-47d0-bc4b-bf9fbdabb6d8\" alt=\"\" \/><\/figure>\n<p class=\"has-text-align-center\"><em>Des \u00e9tudiants de Harvard manifestent pour la Palestine pendant le match de football Yale-Harvard au Yale Bowl \u00e0 New Haven, CT le 18 novembre 2023. (Williams Paul \/ Icon Sportswire via AP)<\/em><\/p>\n<p>Aujourd\u2019hui,\u00a0<em>The Nation<\/em>\u00a0partage l\u2019article que la\u00a0<em>Harvard Law Review<\/em>\u00a0a refus\u00e9 de publier.<\/p>\n<p>La\u00a0<em>Harvard Law Review<\/em>\u00a0a refus\u00e9 de publier cet article sur le g\u00e9nocide \u00e0 Gaza<\/p>\n<p>L\u2019article \u00e9tait sur le point d\u2019\u00eatre publi\u00e9 lorsque la revue a d\u00e9cid\u00e9 de ne pas le faire. Vous pouvez lire l\u2019article ici :<\/p>\n<p><em>Pour un compte-rendu complet de la mani\u00e8re dont la Harvard Law Review en est venue \u00e0 annuler la publication de \u00ab\u00a0The Ongoing Nakba : Towards a Legal Framework for Palestine\u00a0\u00bb, lisez l\u2019enqu\u00eate de\u00a0<\/em>The Intercept<em>\u00a0ici.<\/em><\/p>\n<p>Un g\u00e9nocide est un crime. C\u2019est un cadre juridique. Il se d\u00e9roule \u00e0 Gaza. Et pourtant, l\u2019inertie du monde universitaire, en particulier aux \u00c9tats-Unis, fait froid dans le dos. De toute \u00e9vidence, il est beaucoup plus facile de diss\u00e9quer la jurisprudence que d\u2019affronter la r\u00e9alit\u00e9 de la mort. Il est beaucoup plus facile d\u2019envisager le g\u00e9nocide au pass\u00e9 que d\u2019y faire face au pr\u00e9sent. Les juristes ont tendance \u00e0 aiguiser leur plume une fois que\u00a0<a href=\"https:\/\/www.spectator.co.uk\/article\/the-smell-of-flesh-is-everywhere-a-dispatch-from-gaza\/\">l\u2019odeur<\/a>\u00a0de la mort s\u2019est dissip\u00e9e et que la clart\u00e9 morale n\u2019est plus urgente.<\/p>\n<p>Certains diront qu\u2019invoquer un g\u00e9nocide,\u00a0<a href=\"https:\/\/newlinesmag.com\/spotlight\/the-uses-and-abuses-of-the-term-genocide-in-gaza\/\">en particulier<\/a>\u00a0\u00e0 Gaza, est\u00a0<a href=\"https:\/\/www.washingtonpost.com\/world\/2023\/11\/07\/genocide-israel-gaza-palestine\/\">d\u00e9licat<\/a>. Mais faut-il attendre qu\u2019un g\u00e9nocide soit men\u00e9 \u00e0 bien pour le nommer ? Cette logique contribue \u00e0 la\u00a0<a href=\"https:\/\/www.jstor.org\/stable\/j.ctt18dztmq\">politique<\/a>\u00a0du\u00a0<a href=\"https:\/\/www.google.com\/books\/edition\/Denial_The_Final_Stage_of_Genocide\/TyE-EAAAQBAJ?hl=en&amp;gbpv=0\">d\u00e9ni<\/a>. En ce qui concerne Gaza, il existe un sentiment\u00a0<a href=\"https:\/\/www.npr.org\/2022\/04\/12\/1092460473\/biden-appeared-to-accuse-putin-of-committing-a-genocide-in-ukraine\">d\u2019hypocrisie morale<\/a>\u00a0qui sous-tend les approches \u00e9pist\u00e9mologiques occidentales et qui emp\u00eache de nommer la violence inflig\u00e9e aux Palestiniens. Or, il est essentiel de nommer l\u2019injustice pour r\u00e9clamer la justice. Si la communaut\u00e9 internationale prend ses crimes au s\u00e9rieux, le d\u00e9bat sur le g\u00e9nocide en cours \u00e0 Gaza n\u2019est pas une simple question de s\u00e9mantique.<\/p>\n<p>La convention des Nations unies sur le g\u00e9nocide\u00a0<a href=\"https:\/\/www.un.org\/en\/genocideprevention\/documents\/atrocity-crimes\/Doc.1_Convention%20on%20the%20Prevention%20and%20Punishment%20of%20the%20Crime%20of%20Genocide.pdf\">d\u00e9finit<\/a>\u00a0le crime de g\u00e9nocide comme certains actes \u00ab\u00a0commis dans l\u2019intention de d\u00e9truire, en tout ou en partie, un groupe national, ethnique, racial ou religieux, comme tel\u00a0\u00bb. Ces actes comprennent \u00ab\u00a0le meurtre de membres d\u2019un groupe prot\u00e9g\u00e9\u00a0\u00bb ou \u00ab\u00a0l\u2019atteinte grave \u00e0 l\u2019int\u00e9grit\u00e9 physique ou mentale\u00a0\u00bb ou \u00ab\u00a0le fait d\u2019imposer d\u00e9lib\u00e9r\u00e9ment au groupe des conditions d\u2019existence devant entra\u00eener sa destruction physique totale ou partielle\u00a0\u00bb.<\/p>\n<p>De nombreuses\u00a0<a href=\"https:\/\/www.theguardian.com\/commentisfree\/2023\/oct\/16\/the-language-being-used-to-describe-palestinians-is-genocidal\">d\u00e9clarations<\/a>\u00a0faites par de hauts responsables politiques isra\u00e9liens\u00a0<a href=\"https:\/\/www.commondreams.org\/news\/netanyahu-genocide\">affirment<\/a>\u00a0leurs intentions. Un consensus se dessine parmi les principaux chercheurs dans le domaine des \u00e9tudes sur le g\u00e9nocide, selon lequel \u00ab\u00a0ces d\u00e9clarations pourraient facilement \u00eatre interpr\u00e9t\u00e9es comme indiquant une intention g\u00e9nocidaire\u00a0\u00bb, comme\u00a0<a href=\"https:\/\/www.nytimes.com\/2023\/11\/10\/opinion\/israel-gaza-genocide-war.html\">l\u2019\u00e9crit<\/a>\u00a0Omer Bartov, qui fait autorit\u00e9 dans ce domaine. Plus important encore, le g\u00e9nocide est la r\u00e9alit\u00e9 mat\u00e9rielle des Palestiniens de Gaza : une population de 2,3 millions de personnes\u00a0<a href=\"file:\/\/\/Users\/lebroc\/Downloads\/umerous%20statements%20made%20by%20top%20Israeli%20politicians%20affirm%20their%20intentions\">pi\u00e9g\u00e9e<\/a>,\u00a0<a href=\"https:\/\/www.un.org\/unispal\/document\/4200-people-killed-over-one-million-people-displaced-in-just-10-days-ohchr-briefing\/\">d\u00e9plac\u00e9e<\/a>,\u00a0<a href=\"https:\/\/reliefweb.int\/report\/occupied-palestinian-territory\/israel-waging-extensive-war-starvation-against-gazas-civilian-population-enar\">affam\u00e9e<\/a>\u00a0et\u00a0<a href=\"https:\/\/www.theguardian.com\/global-development\/2023\/nov\/04\/lack-of-clean-drinking-water-for-95-of-people-in-gaza-threatens-health-crisis\">priv\u00e9e d\u2019eau<\/a>, confront\u00e9e \u00e0 des bombardements massifs et \u00e0 un carnage dans l\u2019une des r\u00e9gions les plus dens\u00e9ment peupl\u00e9es du monde. Plus de 11 000 personnes ont d\u00e9j\u00e0 \u00e9t\u00e9\u00a0<a href=\"https:\/\/www.reuters.com\/world\/middle-east\/pressure-israel-over-civilians-steps-up-ceasefire-calls-rebuffed-2023-11-06\/\">tu\u00e9es<\/a>. Cela repr\u00e9sente une personne sur 200 habitants de Gaza. Des dizaines de milliers de personnes sont\u00a0<a href=\"https:\/\/abcnews.go.com\/International\/women-children-disproportionately-impacted-conflict-gaza-experts\/story?id=104655493#:~:text=More%20than%2010%2C000%20people%20have,Gaza%20Health%20Ministry%20said%20Monday.\">bless\u00e9es<\/a>\u00a0et plus de 45 % des habitations de Gaza ont \u00e9t\u00e9\u00a0<a href=\"https:\/\/www.wsj.com\/livecoverage\/israel-hamas-war-palestinians-news\/card\/at-least-45-of-housing-units-destroyed-or-damaged-in-gaza-ivl62BFnzTgT7qkzoeS1\">d\u00e9truites<\/a>. Le secr\u00e9taire g\u00e9n\u00e9ral des Nations unies a d\u00e9clar\u00e9 que Gaza \u00e9tait en train de devenir un \u00ab\u00a0<a href=\"https:\/\/www.theguardian.com\/world\/2023\/nov\/06\/gaza-becoming-a-graveyard-for-children-says-un-secretary-general\">cimeti\u00e8re pour enfants\u00a0<\/a>\u00bb, mais l\u2019arr\u00eat du carnage \u2013 un cessez-le-feu \u2013 reste insaisissable. Isra\u00ebl\u00a0<a href=\"https:\/\/www.ejiltalk.org\/a-lethal-misconception-in-gaza-and-beyond-disguising-indiscriminate-attacks-as-potentially-proportionate-in-discourses-on-the-laws-of-war\/\">continue<\/a>\u00a0de violer de mani\u00e8re flagrante le droit international : il largue du\u00a0<a href=\"https:\/\/www.hrw.org\/news\/2023\/10\/12\/israel-white-phosphorus-used-gaza-lebanon\">phosphore blanc<\/a>\u00a0depuis le ciel, disperse la mort dans\u00a0<a href=\"https:\/\/www.theguardian.com\/world\/2023\/oct\/10\/right-now-it-is-one-day-at-a-time-life-on-israels-frontline-with-gaza\">toutes les directions<\/a>, fait couler le sang, bombarde des\u00a0<a href=\"https:\/\/www.aljazeera.com\/news\/2023\/10\/23\/where-are-gazas-neighbourhoods-destroyed-by-israel#:~:text=On%20the%20outskirts%20of%20Gaza,rubble%20or%20awaiting%20medical%20care.\">quartiers<\/a>, frappe des\u00a0<a href=\"https:\/\/www.reuters.com\/world\/middle-east\/least-6-people-killed-israeli-air-strike-unrwa-school-gaza-2023-10-17\/\">\u00e9coles<\/a>, des\u00a0<a href=\"https:\/\/www.emro.who.int\/images\/stories\/palestine\/Impact_of_health_attacks_in_the_Gaza_Strip.pdf?ua=1\">h\u00f4pitaux<\/a>\u00a0et des\u00a0<a href=\"https:\/\/abcnews.go.com\/International\/palestinian-student-describes-destruction-gaza-amid-israel-siege\/story?id=104474952\">universit\u00e9s<\/a>, bombarde des\u00a0<a href=\"https:\/\/www.aljazeera.com\/news\/2023\/10\/20\/war-crime-israel-bombs-gaza-church-sheltering-displaced-people\">\u00e9glises<\/a>\u00a0et des\u00a0<a href=\"https:\/\/www.cnn.com\/2023\/10\/10\/world\/gaza-mosque-before-after-images-dg\/index.html\">mosqu\u00e9es<\/a>, \u00e9limine des\u00a0<a href=\"https:\/\/www.amnesty.org\/en\/latest\/news\/2023\/10\/damning-evidence-of-war-crimes-as-israeli-attacks-wipe-out-entire-families-in-gaza\/\">familles<\/a>\u00a0et proc\u00e8de au\u00a0<a href=\"https:\/\/www.ohchr.org\/en\/press-releases\/2023\/10\/un-expert-warns-new-instance-mass-ethnic-cleansing-palestinians-calls\">nettoyage ethnique<\/a>\u00a0d\u2019une r\u00e9gion enti\u00e8re, de mani\u00e8re \u00e0 la fois brutale et\u00a0<a href=\"https:\/\/www.972mag.com\/intelligence-ministry-gaza-population-transfer\/\">syst\u00e9mique<\/a>. Comment appelez-vous cela ?<\/p>\n<p>Le Centre pour les droits constitutionnels a\u00a0<a href=\"https:\/\/ccrjustice.org\/sites\/default\/files\/attach\/2023\/10\/Israels-Unfolding-Crime_ww.pdf\">publi\u00e9<\/a>\u00a0une analyse factuelle et juridique approfondie de 44 pages, affirmant qu\u2019\u00a0\u00ab\u00a0il est plausible et cr\u00e9dible qu\u2019Isra\u00ebl commette un g\u00e9nocide \u00e0 l\u2019encontre de la population palestinienne de Gaza\u00a0\u00bb. Raz Segal, historien de l\u2019Holocauste et des \u00e9tudes sur les g\u00e9nocides,\u00a0<a href=\"https:\/\/jewishcurrents.org\/a-textbook-case-of-genocide\">qualifie<\/a>\u00a0la situation \u00e0 Gaza de \u00ab\u00a0cas d\u2019\u00e9cole de g\u00e9nocide se d\u00e9roulant sous nos yeux\u00a0\u00bb. Le premier procureur g\u00e9n\u00e9ral de la Cour p\u00e9nale internationale, Luis Moreno Ocampo,\u00a0<a href=\"https:\/\/www.washingtonpost.com\/world\/2023\/10\/20\/israel-hamas-war-crimes-gaza-justice-genocide-international-criminal-court\/\">observe<\/a>\u00a0que \u00ab\u00a0le blocus de Gaza \u2013 rien que cela \u2013 pourrait constituer un g\u00e9nocide au titre de l\u2019article 2(c) de la Convention sur le g\u00e9nocide, ce qui signifie que l\u2019on cr\u00e9e les conditions pour d\u00e9truire un groupe\u00a0\u00bb. Un groupe de plus de 800 universitaires et praticiens, dont des chercheurs de premier plan dans les domaines du droit international et des \u00e9tudes sur le g\u00e9nocide,\u00a0<a href=\"https:\/\/twailr.com\/public-statement-scholars-warn-of-potential-genocide-in-gaza\/\">met en garde<\/a>\u00a0contre \u00ab\u00a0un risque s\u00e9rieux de g\u00e9nocide dans la bande de Gaza\u00a0\u00bb. Un groupe de sept rapporteurs sp\u00e9ciaux des Nations unies a\u00a0<a href=\"https:\/\/www.un.org\/unispal\/document\/gaza-un-experts-decry-bombing-of-hospitals-and-schools-as-crimes-against-humanity-call-for-prevention-of-genocide\/\">alert\u00e9<\/a>\u00a0sur le \u00ab\u00a0risque de g\u00e9nocide contre le peuple palestinien\u00a0\u00bb et\u00a0<a href=\"https:\/\/www.ohchr.org\/en\/press-releases\/2023\/11\/gaza-running-out-time-un-experts-warn-demanding-ceasefire-prevent-genocide\">r\u00e9it\u00e9r\u00e9<\/a>\u00a0qu\u2019il \u00ab\u00a0reste convaincu que le peuple palestinien court un grave risque de g\u00e9nocide\u00a0\u00bb. Trente-six experts de l\u2019ONU\u00a0<a href=\"https:\/\/www.ohchr.org\/en\/press-releases\/2023\/11\/gaza-un-experts-call-international-community-prevent-genocide-against\">qualifient<\/a>\u00a0aujourd\u2019hui la situation \u00e0 Gaza de \u00ab\u00a0g\u00e9nocide en devenir\u00a0\u00bb. Combien d\u2019autres\u00a0<a href=\"https:\/\/www.theguardian.com\/world\/2023\/oct\/31\/un-official-resigns-israel-hamas-war-palestine-new-york\">autorit\u00e9s<\/a>\u00a0devrais-je citer ? Combien de liens\u00a0<a href=\"https:\/\/docs.google.com\/document\/d\/e\/2PACX-1vQzms63riV5pMAJpCytdfIHtimNvdPwyMARo218NErcEUdnyPfSyH2oJ1pecd6mNv8B8jmGhzeaUxzK\/pub\">hypertextes<\/a>\u00a0seraient suffisants ?<\/p>\n<p>Et pourtant, des \u00e9coles de droit et juristes de premier plan aux Etats-Unis continuent de faire passer leur silence pour de l\u2019impartialit\u00e9, et leur d\u00e9ni pour de la nuance. Un g\u00e9nocide est-il\u00a0<a href=\"https:\/\/www.jstor.org\/stable\/j.ctt9qfkrm\">vraiment<\/a>\u00a0le crime de tous les crimes s\u2019il est commis par des alli\u00e9s occidentaux contre des peuples non occidentaux ?<\/p>\n<p>C\u2019est la question la plus importante que la Palestine continue de poser \u00e0 l\u2019ordre juridique international. La Palestine apporte \u00e0 l\u2019analyse juridique une force de d\u00e9masquage : elle d\u00e9voile et nous rappelle la\u00a0<a href=\"https:\/\/www.sup.org\/books\/title\/?id=26507\">condition coloniale<\/a>\u00a0qui continue de sous-tendre les institutions juridiques occidentales. En Palestine, il y a deux cat\u00e9gories : les civils endeuill\u00e9s et les\u00a0<a href=\"https:\/\/www.aljazeera.com\/program\/newsfeed\/2023\/10\/9\/israeli-defence-minister-orders-complete-siege-on-gaza\">animaux-humains<\/a>\u00a0sauvages. La Palestine nous aide \u00e0 red\u00e9couvrir que ces cat\u00e9gories restent\u00a0<a href=\"https:\/\/www.thenation.com\/article\/archive\/open-letter-born-again\/\">racialis\u00e9es<\/a>\u00a0selon des crit\u00e8res coloniaux au XXIe si\u00e8cle : la premi\u00e8re est r\u00e9serv\u00e9e aux Isra\u00e9liens, la seconde aux Palestiniens. Comme\u00a0<a href=\"https:\/\/www.arabnews.com\/node\/2400096\">l\u2019affirme<\/a>\u00a0Isaac Herzog, le soi-disant pr\u00e9sident lib\u00e9ral d\u2019Isra\u00ebl : \u00ab\u00a0C\u2019est une nation enti\u00e8re qui est responsable. Cette rh\u00e9torique selon laquelle les civils ne sont pas conscients, pas impliqu\u00e9s, n\u2019est absolument pas vraie\u00a0\u00bb.<\/p>\n<p>Les Palestiniens\u00a0<a href=\"https:\/\/www.facebook.com\/watch\/?v=349340540820219\">ne peuvent<\/a>\u00a0tout simplement pas \u00eatre\u00a0<a href=\"https:\/\/www.nytimes.com\/2023\/11\/03\/opinion\/unarmed-teen-israel-gaza.html\">innocents<\/a>. Ils sont coupables par nature, des \u00ab\u00a0terroristes\u00a0\u00bb potentiels \u00e0 \u00ab\u00a0neutraliser\u00a0\u00bb ou, au mieux, des \u00ab\u00a0<a href=\"https:\/\/decolonizepalestine.com\/myth\/palestinians-use-human-shields\/\">boucliers humains<\/a>\u00a0\u00bb an\u00e9antis en tant que \u00ab\u00a0<a href=\"https:\/\/www.youtube.com\/watch?v=Ph_jxsy8gN4&amp;ab_channel=NDTV\">dommages collat\u00e9raux<\/a>\u00a0\u00bb. Aucun nombre de corps palestiniens ne peut inciter les gouvernements et les institutions occidentaux \u00e0 \u00ab\u00a0condamner sans \u00e9quivoque\u00a0\u00bb Isra\u00ebl, et encore moins \u00e0 agir au pr\u00e9sent. Compar\u00e9s \u00e0 la vie des Juifs-Isra\u00e9liens,\u00a0<a href=\"https:\/\/www.theguardian.com\/commentisfree\/2023\/oct\/24\/israel-gaza-palestinians-holocaust\">victimes ultimes<\/a>\u00a0des id\u00e9ologies g\u00e9nocidaires europ\u00e9ennes, les Palestiniens n\u2019ont aucune chance d\u2019\u00eatre\u00a0<a href=\"https:\/\/www.nytimes.com\/2023\/10\/25\/opinion\/palestine-war-empathy.html\">humanis\u00e9s<\/a>. Les Palestiniens deviennent les \u00ab\u00a0sauvages\u00a0\u00bb contemporains de l\u2019ordre juridique international, et la Palestine devient la fronti\u00e8re o\u00f9 l\u2019Occident redessine son discours sur la civilit\u00e9. La Palestine est le lieu o\u00f9 le g\u00e9nocide peut \u00eatre perp\u00e9tr\u00e9 en tant que lutte du \u00ab\u00a0<a href=\"https:\/\/www.wsj.com\/articles\/the-battle-of-civilization-in-gaza-israel-hamas-3236b023\">monde civilis\u00e9<\/a>\u00a0\u00bb contre les \u00ab\u00a0ennemis de la civilisation elle-m\u00eame\u00a0\u00bb. Un combat entre les \u00ab\u00a0<a href=\"https:\/\/www.newarab.com\/news\/netanyahu-deletes-palestinian-children-darkness-tweet\">enfants de la lumi\u00e8re<\/a>\u00a0\u00bb et les \u00ab\u00a0enfants des t\u00e9n\u00e8bres\u00a0\u00bb.<\/p>\n<p>La guerre g\u00e9nocidaire men\u00e9e contre la population de Gaza depuis les attaques atroces du Hamas contre les Isra\u00e9liens le 7 octobre \u2013 attaques qui s\u2019apparentent \u00e0 des\u00a0<a href=\"https:\/\/www.adalah.org\/uploads\/uploads\/Adalah_Gaza_Statement_English.pdf\">crimes de guerre<\/a>\u00a0\u2013 a \u00e9t\u00e9 la manifestation la plus\u00a0<a href=\"https:\/\/www.ochaopt.org\/data\/casualties\">meurtri\u00e8re<\/a>\u00a0des politiques coloniales isra\u00e9liennes contre les Palestiniens depuis des d\u00e9cennies. Certains ont depuis longtemps\u00a0<a href=\"https:\/\/ccrjustice.org\/genocide-palestinian-people-international-law-and-human-rights-perspective\">analys\u00e9<\/a>\u00a0les politiques isra\u00e9liennes en Palestine sous\u00a0<a href=\"https:\/\/www.russelltribunalonpalestine.com\/en\/wp-content\/uploads\/2014\/09\/TRP-Concl.-Gaza-EN.pdf\">l\u2019angle<\/a>\u00a0du\u00a0<a href=\"https:\/\/www.tandfonline.com\/doi\/abs\/10.1080\/13642987.2022.2065261\">g\u00e9nocide<\/a>. Si le terme de g\u00e9nocide peut avoir ses propres limites pour d\u00e9crire le pass\u00e9 palestinien, son pr\u00e9sent a clairement \u00e9t\u00e9 pr\u00e9c\u00e9d\u00e9 par un \u00ab\u00a0<a href=\"https:\/\/www.versobooks.com\/products\/1850-politicide\">politicide<\/a>\u00a0\u00bb : l\u2019extermination du corps politique palestinien en Palestine, c\u2019est-\u00e0-dire l\u2019\u00e9radication syst\u00e9matique de la capacit\u00e9 des Palestiniens \u00e0 maintenir une communaut\u00e9 politique organis\u00e9e en tant que groupe.<\/p>\n<p>Ce processus d\u2019effacement s\u2019est \u00e9tal\u00e9 sur\u00a0<a href=\"https:\/\/www.thenation.com\/article\/world\/hundred-years-war-on-palestine-rashid-khalidi\/\">plus de cent ans<\/a>, \u00e0 travers une combinaison de massacres, de nettoyage ethnique, de d\u00e9possession et de fragmentation de la population palestinienne restante en plusieurs groupes sous des statuts juridiques distincts et avec des int\u00e9r\u00eats divergents. Malgr\u00e9 le succ\u00e8s partiel de cette politique \u2013 et l\u2019emp\u00eachement permanent d\u2019un organe politique repr\u00e9sentant\u00a0<em>tous<\/em>\u00a0les Palestiniens \u2013\u00a0<a href=\"https:\/\/www.jstor.org\/stable\/10.7312\/khal15074\">l\u2019identit\u00e9<\/a>\u00a0politique palestinienne a perdur\u00e9. Dans la bande de Gaza assi\u00e9g\u00e9e, en Cisjordanie occup\u00e9e, \u00e0 J\u00e9rusalem, dans les territoires isra\u00e9liens de 1948, dans les camps de r\u00e9fugi\u00e9s et dans les communaut\u00e9s diasporiques, le nationalisme palestinien est bien vivant.<\/p>\n<p>Comment appeler cette condition ? Comment nommer cette existence collective soumise \u00e0 un syst\u00e8me de fragmentation forc\u00e9e et de domination cruelle ? La communaut\u00e9 des droits de l\u2019Homme a largement adopt\u00e9 une combinaison d\u2019<em>occupation<\/em>\u00a0et d\u2019<em>apartheid\u00a0<\/em>pour comprendre la situation en Palestine. L\u2019apartheid est un crime. C\u2019est un cadre juridique. Il est commis en Palestine. Et m\u00eame s\u2019il y a un\u00a0<a href=\"https:\/\/www.washingtonpost.com\/world\/2022\/02\/01\/amnesty-international-joining-other-human-rights-groups-says-israel-is-committing-crime-apartheid\/\">consensus<\/a>\u00a0au sein de la communaut\u00e9 des droits humains pour dire qu\u2019Isra\u00ebl pratique l\u2019apartheid, le\u00a0<a href=\"https:\/\/www.amnesty.org\/en\/latest\/news\/2023\/03\/eu-needs-to-acknowledge-the-reality-of-israeli-apartheid\/\">refus<\/a>\u00a0des gouvernements occidentaux d\u2019accepter cette r\u00e9alit\u00e9 mat\u00e9rielle des Palestiniens est r\u00e9v\u00e9lateur.<\/p>\n<p>Une fois de plus, la Palestine apporte une force de d\u00e9couverte particuli\u00e8re au discours. Elle r\u00e9v\u00e8le comment des institutions par ailleurs cr\u00e9dibles, telles qu\u2019Amnesty International ou Human Rights Watch, ne sont plus dignes de confiance. Elle montre comment les faits deviennent\u00a0<a href=\"https:\/\/theintercept.com\/2023\/10\/31\/gaza-death-palestine-health-ministry\/\">contestables<\/a>, \u00e0 la mani\u00e8re de Trump, pour des lib\u00e9raux comme le pr\u00e9sident\u00a0<a href=\"https:\/\/www.businessinsider.com\/biden-pictures-terrorists-beheading-children-white-house-2023-10\">Biden<\/a>. La Palestine nous permet de voir la ligne de d\u00e9marcation des binarit\u00e9s (par exemple, confiance\/non-confiance) autant qu\u2019elle souligne l\u2019effondrement des dichotomies (par exemple, d\u00e9mocrate\/r\u00e9publicain ou fait\/revendication). C\u2019est dans cet espace liminaire que la Palestine existe et continue de d\u00e9fier la distinction elle-m\u00eame. Elle est l\u2019<a href=\"https:\/\/ccrjustice.org\/the-palestine-exception\">exception<\/a>\u00a0qui r\u00e9v\u00e8le la r\u00e8gle et le sous-texte qui est, en fait, le texte : La Palestine est la manifestation la plus \u00e9clatante de la condition coloniale maintenue au XXIe si\u00e8cle.<\/p>\n<p>Comment appelez-vous cette condition coloniale permanente ? Tout comme l\u2019Holocauste a introduit le terme \u00ab\u00a0g\u00e9nocide\u00a0\u00bb dans la conscience mondiale et juridique, l\u2019exp\u00e9rience sud-africaine a introduit le terme \u00ab\u00a0apartheid\u00a0\u00bb dans le lexique mondial et juridique. C\u2019est gr\u00e2ce au travail et au sacrifice de trop nombreuses vies que le g\u00e9nocide et l\u2019apartheid se sont mondialis\u00e9s, transcendant ces calamit\u00e9s historiques. Ces termes sont devenus des cadres juridiques, des crimes inscrits dans le droit international, dans l\u2019espoir que leur reconnaissance emp\u00eachera leur r\u00e9p\u00e9tition. Mais dans le processus d\u2019abstraction, de mondialisation et de r\u00e9adaptation, quelque chose a \u00e9t\u00e9 perdu. Est-ce l\u2019affinit\u00e9 entre l\u2019exp\u00e9rience particuli\u00e8re et l\u2019abstraction universalis\u00e9e du crime qui rend la Palestine r\u00e9sistante aux d\u00e9finitions existantes ?<\/p>\n<p>Les universitaires se\u00a0<a href=\"https:\/\/www.tandfonline.com\/doi\/pdf\/10.1080\/2201473X.2012.10648823\">tournent<\/a>\u00a0de plus en plus vers le colonialisme de peuplement pour \u00e9valuer la situation en Palestine. Le colonialisme de peuplement est une\u00a0<a href=\"https:\/\/www.tandfonline.com\/doi\/full\/10.1080\/14623520601056240\">structure<\/a>\u00a0d\u2019effacement o\u00f9 le colon d\u00e9place et remplace l\u2019autochtone. Bien qu\u2019il est clair que le colonialisme de peuplement, le g\u00e9nocide et l\u2019apartheid ne s\u2019excluent pas mutuellement, leur capacit\u00e9 \u00e0 saisir la r\u00e9alit\u00e9 mat\u00e9rielle des Palestiniens reste fugace. L\u2019Afrique du Sud est un\u00a0<a href=\"https:\/\/omalley.nelsonmandela.org\/index.php\/site\/q\/03lv02424\/04lv02730\/05lv03005\/06lv03132\/07lv03140\/08lv03144.htm\">cas particulier<\/a>\u00a0de colonialisme de peuplement. Il en va de m\u00eame pour Isra\u00ebl, les \u00c9tats-Unis, l\u2019Australie, le Canada, l\u2019Alg\u00e9rie, etc. Le cadre du colonialisme de peuplement est \u00e0 la fois utile et insuffisant. Il ne permet pas de comprendre la nuance entre ces diff\u00e9rents processus historiques et n\u2019entraine pas n\u00e9cessairement de r\u00e9sultat particulier. Certains cas de colonialisme de peuplement ont \u00e9t\u00e9 incroyablement normalis\u00e9s aux d\u00e9pens d\u2019un g\u00e9nocide. D\u2019autres ont abouti \u00e0 des solutions radicalement diff\u00e9rentes. La Palestine remplit et d\u00e9fie \u00e0 la fois la condition coloniale.<\/p>\n<p>Nous devons consid\u00e9rer la Palestine \u00e0 travers les it\u00e9rations des Palestiniens. Si l\u2019Holocauste est le cas paradigmatique du crime de g\u00e9nocide et l\u2019Afrique du Sud celui de l\u2019apartheid, alors le crime contre le peuple palestinien doit \u00eatre appel\u00e9 la Nakba.<\/p>\n<p>Le terme Nakba, qui signifie \u00ab\u00a0Catastrophe\u00a0\u00bb, est souvent utilis\u00e9 pour d\u00e9signer la cr\u00e9ation de l\u2019\u00c9tat d\u2019Isra\u00ebl en Palestine, un processus qui a entra\u00een\u00e9 le\u00a0<a href=\"https:\/\/www.versobooks.com\/blogs\/news\/3809-the-nakba-and-the-ethnic-cleansing-of-palestine\">nettoyage ethnique<\/a>\u00a0de plus de 750 000\u00a0<a href=\"https:\/\/www.aljazeera.com\/features\/2017\/5\/23\/the-nakba-did-not-start-or-end-in-1948\">Palestiniens<\/a>\u00a0et la destruction de 531 villages palestiniens entre 1947 et 1949. Mais la Nakba n\u2019a\u00a0<a href=\"https:\/\/www.thenation.com\/article\/world\/reflections-on-the-75th-anniversary-the-nakba\/\">jamais<\/a>\u00a0<a href=\"https:\/\/www.thenation.com\/article\/world\/reflections-on-the-75th-anniversary-the-nakba\/\">cess\u00e9<\/a>\u00a0; il s\u2019agit d\u2019une structure et non d\u2019un \u00e9v\u00e9nement. En bref, la Nakba se poursuit.<\/p>\n<p>Dans sa forme la plus abstraite, la Nakba est une structure qui sert \u00e0 effacer la dynamique collective : la tentative d\u2019emp\u00eacher les Palestiniens d\u2019exercer leur volont\u00e9 politique en tant que groupe. C\u2019est la collusion permanente des \u00c9tats et des syst\u00e8mes pour emp\u00eacher les Palestiniens de concr\u00e9tiser leur droit \u00e0 l\u2019autod\u00e9termination. Dans sa forme la plus mat\u00e9rielle, la Nakba repr\u00e9sente chaque Palestinien tu\u00e9 ou bless\u00e9, chaque Palestinien emprisonn\u00e9 ou soumis \u00e0 d\u2019autres formes d\u2019asservissement, et chaque Palestinien d\u00e9poss\u00e9d\u00e9 ou exil\u00e9.<\/p>\n<p>La Nakba est \u00e0 la fois la r\u00e9alit\u00e9 mat\u00e9rielle et le cadre \u00e9pist\u00e9mique permettant de comprendre les crimes commis contre le peuple palestinien. Et ces crimes \u2013 encapsul\u00e9s dans le cadre de la Nakba \u2013 sont le r\u00e9sultat de l\u2019id\u00e9ologie politique du sionisme, une id\u00e9ologie qui a\u00a0<a href=\"https:\/\/www.jstor.org\/stable\/466405\">vu le jour<\/a>\u00a0\u00e0 la fin du XIXe si\u00e8cle en Europe en r\u00e9ponse aux notions de nationalisme, de colonialisme et d\u2019antis\u00e9mitisme.<\/p>\n<p>Comme le\u00a0<a href=\"https:\/\/www.jstor.org\/stable\/466405\">rappelle<\/a>\u00a0Edward Said, le sionisme doit \u00eatre \u00e9valu\u00e9 du point de vue de ses victimes et non de ses b\u00e9n\u00e9ficiaires. Le sionisme peut \u00eatre compris simultan\u00e9ment comme un mouvement national pour\u00a0<a href=\"https:\/\/www.jstor.org\/stable\/466176\">certains<\/a>\u00a0Juifs et comme un\u00a0<a href=\"https:\/\/en.jabotinsky.org\/media\/9747\/the-iron-wall.pdf\">projet colonial<\/a>\u00a0pour les Palestiniens. La cr\u00e9ation d\u2019Isra\u00ebl en Palestine a pris la forme d\u2019une consolidation de la vie nationale juive au d\u00e9triment d\u2019une vie nationale palestinienne bris\u00e9e. Pour les personnes d\u00e9plac\u00e9es, \u00e9gar\u00e9es, bombard\u00e9es et d\u00e9poss\u00e9d\u00e9es, le sionisme n\u2019est jamais l\u2019histoire d\u2019une \u00e9mancipation juive ; c\u2019est l\u2019histoire d\u2019une subjugation palestinienne.<\/p>\n<p>La particularit\u00e9 de la Nakba est qu\u2019elle s\u2019est prolong\u00e9e jusqu\u2019au d\u00e9but du XXIe si\u00e8cle et qu\u2019elle s\u2019est transform\u00e9e en un syst\u00e8me de domination sophistiqu\u00e9 qui a fragment\u00e9 et r\u00e9organis\u00e9 les Palestiniens en diff\u00e9rentes cat\u00e9gories juridiques, chaque cat\u00e9gorie faisant l\u2019objet d\u2019un type de violence particulier. La fragmentation est ainsi devenue la technologie juridique qui sous-tend la Nakba en cours. La Nakba a englob\u00e9 \u00e0 la fois l\u2019apartheid et la violence g\u00e9nocidaire d\u2019une mani\u00e8re qui lui permet de r\u00e9pondre \u00e0 ces d\u00e9finitions juridiques \u00e0 diff\u00e9rents moments tout en \u00e9chappant \u00e0 leurs cadres historiques particuliers.<\/p>\n<p>Les Palestiniens ont\u00a0<a href=\"https:\/\/archive.org\/details\/alnakbah\/page\/n5\/mode\/2up\">nomm\u00e9<\/a>\u00a0et\u00a0<a href=\"https:\/\/www.tandfonline.com\/doi\/pdf\/10.1080\/2201473X.2012.10648833\">th\u00e9oris\u00e9<\/a>\u00a0la Nakba malgr\u00e9 la pers\u00e9cution, l\u2019effacement et le d\u00e9ni. Ce travail doit se poursuivre dans le domaine juridique. Gaza nous rappelle que la Nakba est en cours en ce moment. Des\u00a0<a href=\"https:\/\/www.washingtonpost.com\/world\/2023\/11\/13\/palestine-gaza-west-bank-nakba-displacement-israel-catastrophe\/\">politiciens isra\u00e9liens<\/a>\u00a0et d\u2019autres\u00a0<a href=\"https:\/\/www.nytimes.com\/2023\/11\/15\/world\/middleeast\/israel-gaza-war-rhetoric.html\">personnalit\u00e9s publiques<\/a>\u00a0menacent\u00a0<a href=\"https:\/\/www.972mag.com\/second-nakba-mainstream-israeli-right\/\">r\u00e9guli\u00e8rement<\/a>\u00a0de commettre \u00e0 nouveau le crime de la Nakba. Si les politiques isra\u00e9liens admettent la Nakba afin de la perp\u00e9tuer, le temps est venu pour le monde de prendre en compte l\u2019exp\u00e9rience palestinienne. La Nakba doit se mondialiser pour prendre fin.<\/p>\n<p>Nous devons imaginer qu\u2019un jour, il y aura une reconnaissance de ce crime de Nakba, et que le sionisme sera d\u00e9sapprouv\u00e9 en tant qu\u2019id\u00e9ologie fond\u00e9e sur\u00a0<a href=\"https:\/\/www.ejiltalk.org\/beyond-discrimination-apartheid-is-a-colonial-project-and-zionism-is-a-form-of-racism\/\">l\u2019\u00e9limination raciale<\/a>. Le chemin pour y parvenir reste long et difficile, mais nous n\u2019avons pas le privil\u00e8ge de renoncer aux outils juridiques disponibles pour nommer les crimes contre le peuple palestinien dans le pr\u00e9sent et tenter d\u2019y mettre fin. Le\u00a0<a href=\"https:\/\/www.haaretz.com\/opinion\/2023-11-01\/ty-article-opinion\/.premium\/israel-is-not-committing-genocide-in-gaza\/0000018b-8785-d055-afbf-b7a75d450000\">d\u00e9ni<\/a>\u00a0du g\u00e9nocide \u00e0 Gaza est enracin\u00e9 dans le\u00a0<a href=\"https:\/\/www.londonreviewbookshop.co.uk\/stock\/tolerance-is-a-wasteland-palestine-and-the-culture-of-denial-saree-makdisi\">d\u00e9ni<\/a>\u00a0de la Nakba. Et les deux doivent cesser, maintenant.<\/p>\n<p><a href=\"https:\/\/www-thenation-com.cdn.ampproject.org\/c\/s\/www.thenation.com\/article\/archive\/harvard-law-review-gaza-israel-genocide\/tnamp\/\">The Nation<\/a><\/p>\n<p>Traduction : S pour l\u2019Agence M\u00e9dia Palestine<\/p>\n<\/div>\n<\/div>\n<\/div>\n<\/div>\n<\/div>\n<\/section>\n","protected":false},"excerpt":{"rendered":"<p>Par le Haut-Commissariat des Nations Unies aux droits humains, le 16 novembre 2023 Les graves violations commises par Isra\u00ebl contre les Palestiniens au lendemain du 7 octobre, en particulier \u00e0 Gaza laissent pr\u00e9sager un g\u00e9nocide en devenir, ont d\u00e9clar\u00e9 aujourd\u2019hui des experts de l\u2019ONU.\u00a0Ils ont illustr\u00e9 des preuves d\u2019une incitation croissante au g\u00e9nocide, d\u2019une intention &#8230; <a title=\"36 experts ind\u00e9pendants de l\u2019ONU alertent sur le \u00ab g\u00e9nocide en gestation \u00bb \u00e0 Gaza\" class=\"read-more\" href=\"https:\/\/bruxelles-panthere.thefreecat.org\/?p=5803\" aria-label=\"En savoir plus sur 36 experts ind\u00e9pendants de l\u2019ONU alertent sur le \u00ab g\u00e9nocide en gestation \u00bb \u00e0 Gaza\">Lire la suite<\/a><\/p>\n","protected":false},"author":1,"featured_media":5804,"comment_status":"open","ping_status":"open","sticky":false,"template":"","format":"standard","meta":{"footnotes":""},"categories":[21,36,6],"tags":[12,197],"class_list":["post-5803","post","type-post","status-publish","format-standard","has-post-thumbnail","hentry","category-anti-imperialisme","category-europe","category-palestine-moyen-orient","tag-gaza","tag-genocide"],"_links":{"self":[{"href":"https:\/\/bruxelles-panthere.thefreecat.org\/index.php?rest_route=\/wp\/v2\/posts\/5803","targetHints":{"allow":["GET"]}}],"collection":[{"href":"https:\/\/bruxelles-panthere.thefreecat.org\/index.php?rest_route=\/wp\/v2\/posts"}],"about":[{"href":"https:\/\/bruxelles-panthere.thefreecat.org\/index.php?rest_route=\/wp\/v2\/types\/post"}],"author":[{"embeddable":true,"href":"https:\/\/bruxelles-panthere.thefreecat.org\/index.php?rest_route=\/wp\/v2\/users\/1"}],"replies":[{"embeddable":true,"href":"https:\/\/bruxelles-panthere.thefreecat.org\/index.php?rest_route=%2Fwp%2Fv2%2Fcomments&post=5803"}],"version-history":[{"count":3,"href":"https:\/\/bruxelles-panthere.thefreecat.org\/index.php?rest_route=\/wp\/v2\/posts\/5803\/revisions"}],"predecessor-version":[{"id":5807,"href":"https:\/\/bruxelles-panthere.thefreecat.org\/index.php?rest_route=\/wp\/v2\/posts\/5803\/revisions\/5807"}],"wp:featuredmedia":[{"embeddable":true,"href":"https:\/\/bruxelles-panthere.thefreecat.org\/index.php?rest_route=\/wp\/v2\/media\/5804"}],"wp:attachment":[{"href":"https:\/\/bruxelles-panthere.thefreecat.org\/index.php?rest_route=%2Fwp%2Fv2%2Fmedia&parent=5803"}],"wp:term":[{"taxonomy":"category","embeddable":true,"href":"https:\/\/bruxelles-panthere.thefreecat.org\/index.php?rest_route=%2Fwp%2Fv2%2Fcategories&post=5803"},{"taxonomy":"post_tag","embeddable":true,"href":"https:\/\/bruxelles-panthere.thefreecat.org\/index.php?rest_route=%2Fwp%2Fv2%2Ftags&post=5803"}],"curies":[{"name":"wp","href":"https:\/\/api.w.org\/{rel}","templated":true}]}}