{"id":5709,"date":"2023-08-23T20:00:32","date_gmt":"2023-08-23T19:00:32","guid":{"rendered":"https:\/\/bruxelles-panthere.thefreecat.org\/?p=5709"},"modified":"2023-08-25T16:30:50","modified_gmt":"2023-08-25T15:30:50","slug":"communique-de-presse-bruxelles-pantheres-ducasse-dath-et-rtbf","status":"publish","type":"post","link":"https:\/\/bruxelles-panthere.thefreecat.org\/?p=5709","title":{"rendered":"Communiqu\u00e9 de presse \u2013 Ducasse d\u2019Ath et RTBF"},"content":{"rendered":"<p>Nous, Bruxelles Panth\u00e8res, tenons \u00e0 exprimer notre profonde consternation et notre d\u00e9saccord avec le contenu de l\u2019article publi\u00e9 ce mercredi 23 ao\u00fbt sur le site de la RTBF, sous le titre \u00ab\u00a0Ath renforce les mesures de s\u00e9curit\u00e9 autour de sa ducasse\u00a0\u00bb.<a href=\"https:\/\/www.rtbf.be\/article\/ath-renforce-les-mesures-de-securite-autour-de-sa-ducasse-11243848\"><sup>[1]<\/sup><\/a><\/p>\n<p>Nous estimons n\u00e9cessaire de rectifier certaines affirmations de cet article qui alt\u00e8re la r\u00e9alit\u00e9 s\u2019agissant de nos intentions et de nos actions en tant qu&rsquo;organisation antiraciste politique engag\u00e9e.<!--more--><\/p>\n<p style=\"text-align: center;\">\u00a0<a href=\"https:\/\/bruxelles-panthere.thefreecat.org\/wp-content\/uploads\/2023\/08\/Cx8V8knWgAAo8sd.jpg\"><img loading=\"lazy\" decoding=\"async\" class=\"alignnone wp-image-5721 size-full\" src=\"https:\/\/bruxelles-panthere.thefreecat.org\/wp-content\/uploads\/2023\/08\/Cx8V8knWgAAo8sd.jpg\" alt=\"\" width=\"540\" height=\"422\" srcset=\"https:\/\/bruxelles-panthere.thefreecat.org\/wp-content\/uploads\/2023\/08\/Cx8V8knWgAAo8sd.jpg 540w, https:\/\/bruxelles-panthere.thefreecat.org\/wp-content\/uploads\/2023\/08\/Cx8V8knWgAAo8sd-300x234.jpg 300w\" sizes=\"auto, (max-width: 540px) 100vw, 540px\" \/><\/a><\/p>\n<p>Nous tenons imp\u00e9rieusement \u00e0 rappeler et \u00e0 souligner ici que Bruxelles Panth\u00e8res n&rsquo;a jamais eu recours \u00e0 la violence ni encourag\u00e9 des actions qui en feraient usage. Cet article de Florence Dussart, qui ne nous a nullement sollicit\u00e9s, laisse insidieusement entendre que nous serions impliqu\u00e9s dans des incidents violents \u00e0 Ath. Une all\u00e9gation en totale contradiction avec nos valeurs, notre historique d&rsquo;actions et la r\u00e9alit\u00e9. Nous rejetons fermement cette association implicite fallacieuse.<\/p>\n<p>Nous contestons vigoureusement la liaison que l&rsquo;article \u00e9tablit entre notre organisation antiraciste et les agissements de l&rsquo;extr\u00eame droite. Depuis de nombreuses ann\u00e9es, nous \u0153uvrons avec d\u00e9termination pour combattre la n\u00e9grophobie, l&rsquo;islamophobie, le racisme et les discriminations. Notre m\u00e9thodologie repose sur des approches politiques et exclusivement pacifiques, ax\u00e9es sur la promotion du dialogue, de la compr\u00e9hension mutuelle et de la recherche de la justice.<\/p>\n<p>En 2019, Bruxelles Panth\u00e8res a sollicit\u00e9 l&rsquo;UNESCO<a href=\"https:\/\/bruxelles-panthere.thefreecat.org\/?p=5406\"><sup>[2]<\/sup><\/a> \u00a0pour qu&rsquo;elle exige le retrait des personnages n\u00e9grophobes faisant partie de la Ducasse d&rsquo;Ath. En cas de refus des organisateurs, notre lettre insistait sur la n\u00e9cessit\u00e9 du retrait de la Ducasse de la liste du patrimoine culturel immat\u00e9riel de l&rsquo;UNESCO (PCI).<\/p>\n<p>En 2019, notre repr\u00e9sentant, qui ne manifestait pas et \u00e9tait simplement pr\u00e9sent, a \u00e9t\u00e9 ill\u00e9galement d\u00e9sign\u00e9 <em>persona non grata<\/em> par le bourgmestre et expuls\u00e9 <em>manu militari<\/em> de la ville d&rsquo;Ath, tandis que les membres du groupuscule raciste \u00ab Nation \u00bb partageaient tranquillement leur propagande avec le public de la Ducasse dans les rues de la ville.<\/p>\n<p>En 2020 et en 2021 la Ducasse n&rsquo;a pas eu lieu \u00e0 cause de la pand\u00e9mie mondiale.<\/p>\n<p>En 2022, Bruxelles Panth\u00e8res a prolong\u00e9 sa d\u00e9marche en adressant une nouvelle lettre \u00e0 l&rsquo;UNESCO<a href=\"https:\/\/bruxelles-panthere.thefreecat.org\/?p=5201\"><sup>[3]<\/sup><\/a>,\u00a0 pour l\u2019informer de l\u2019\u00e9tat du dossier de son point de vue et r\u00e9it\u00e9rer ses demandes.<br \/>\nEn 2019, l&rsquo;UNESCO n&rsquo;a re\u00e7u qu\u2019une seule lettre, la n\u00f4tre. En 2022, elle en a re\u00e7u une trentaine, dont 25 reprennent int\u00e9gralement les arguments et exigences de Bruxelles Panth\u00e8res.<\/p>\n<p>En d\u00e9pit des man\u0153uvres dilatoires du bourgmestre d&rsquo;Ath et des organisateurs, et malgr\u00e9 le silence des politiciens belges de toutes tendances et langues confondues, une d\u00e9cision capitale a \u00e9t\u00e9 prise le 2 d\u00e9cembre 2022. Lors de la r\u00e9union du Comit\u00e9 intergouvernemental de l&rsquo;UNESCO pour le PCI \u00e0 Rabat, au Maroc, Bruxelles Panth\u00e8res a obtenu gain de cause \u00e0 tous \u00e9gards.<br \/>\nSes organisateurs ayant d\u00e9cid\u00e9 de maintenir ses personnages n\u00e9grophobes, la Ducasse d&rsquo;Ath a \u00e9t\u00e9 retir\u00e9e de la liste du PCI de l&rsquo;UNESCO, s\u00e9ance tenante.<\/p>\n<p>Bruxelles Panth\u00e8res condamne fermement les incidents violents survenus \u00e0 Ath, mais nous tenons \u00e0 rappeler que la responsabilit\u00e9 de ces actes ne saurait nous \u00eatre attribu\u00e9e.<br \/>\nNous sommes d\u00e9termin\u00e9s \u00e0 lutter contre toutes les formes de racisme \u00ab\u00a0by any means necessary,\u00a0\u00bb en faisant r\u00e9f\u00e9rence \u00e0 notre engagement \u00e0 utiliser tous les moyens l\u00e9gaux et pacifiques \u00e0 notre disposition pour d\u00e9fendre nos convictions et cr\u00e9er un changement positif dans la soci\u00e9t\u00e9.<\/p>\n<p>Nous appelons \u00e0 la clart\u00e9 et \u00e0 l&rsquo;exactitude dans la couverture m\u00e9diatique de nos actions et de nos intentions. Nous invitons \u00e9galement \u00e0 un dialogue ouvert et constructif afin de dissiper tout malentendu et pr\u00e9venir de futures inexactitudes. Bruxelles Panth\u00e8res demeure fid\u00e8le \u00e0 sa mission de lutter contre le racisme et les discriminations, et nous continuerons \u00e0 \u0153uvrer pour un avenir o\u00f9 la justice, le respect et l&rsquo;\u00e9galit\u00e9 pr\u00e9vaudront.<\/p>\n<p>Nous exprimons notre gratitude envers toutes les voix qui se sont \u00e9lev\u00e9es pour soutenir notre cause. Nous renouvelons notre engagement ind\u00e9fectible \u00e0 notre lutte contre le racisme sous toutes ses formes.<\/p>\n<p>Solidairement,<\/p>\n<p>Bruxelles Panth\u00e8res<\/p>\n<p>Contact presse : Mouhad Reghif, Porte-parole de Bruxelles Panth\u00e8res : 0475 38 79 78<\/p>\n<hr align=\"left\" size=\"1\" width=\"33%\" \/>\n<div id=\"m_2571481764811966389gmail-ftn1\">\n<p><a title=\"\" href=\"https:\/\/mail.google.com\/mail\/u\/0\/#m_2571481764811966389__ftnref1\" name=\"m_2571481764811966389__ftn1\">[1]<\/a>\u00a0<a href=\"https:\/\/www.rtbf.be\/article\/ath-renforce-les-mesures-de-securite-autour-de-sa-ducasse-11243848\" target=\"_blank\" rel=\"noopener\" data-saferedirecturl=\"https:\/\/www.google.com\/url?q=https:\/\/www.rtbf.be\/article\/ath-renforce-les-mesures-de-securite-autour-de-sa-ducasse-11243848&amp;source=gmail&amp;ust=1692890626199000&amp;usg=AOvVaw2UWtGz-m71zOitkSq83uFu\">https:\/\/www.rtbf.be\/article\/<wbr \/>ath-renforce-les-mesures-de-<wbr \/>securite-autour-de-sa-ducasse-<wbr \/>11243848<\/a><\/p>\n<\/div>\n<div id=\"m_2571481764811966389gmail-ftn2\">\n<p><a title=\"\" href=\"https:\/\/mail.google.com\/mail\/u\/0\/#m_2571481764811966389__ftnref2\" name=\"m_2571481764811966389__ftn2\">[2]<\/a>\u00a0<a href=\"https:\/\/bruxelles-panthere.thefreecat.org\/?p=5406\" target=\"_blank\" rel=\"noopener\" data-saferedirecturl=\"https:\/\/www.google.com\/url?q=https:\/\/bruxelles-panthere.thefreecat.org\/?p%3D5406&amp;source=gmail&amp;ust=1692890626199000&amp;usg=AOvVaw0uA-hMxpeMFizlytktAZ27\">https:\/\/bruxelles-panthere.<wbr \/>thefreecat.org\/?p=5406<\/a><\/p>\n<\/div>\n<div id=\"m_2571481764811966389gmail-ftn3\">\n<p><a title=\"\" href=\"https:\/\/mail.google.com\/mail\/u\/0\/#m_2571481764811966389__ftnref3\" name=\"m_2571481764811966389__ftn3\">[3]<\/a>\u00a0<a href=\"https:\/\/bruxelles-panthere.thefreecat.org\/?p=5201\" target=\"_blank\" rel=\"noopener\" data-saferedirecturl=\"https:\/\/www.google.com\/url?q=https:\/\/bruxelles-panthere.thefreecat.org\/?p%3D5201&amp;source=gmail&amp;ust=1692890626199000&amp;usg=AOvVaw3uTgLn8GceGzu9h58hhjBU\">https:\/\/bruxelles-panthere.<wbr \/>thefreecat.org\/?p=5201<\/a><\/p>\n<p><a href=\"https:\/\/bruxelles-panthere.thefreecat.org\/wp-content\/uploads\/2022\/01\/BP-vs-Lessine.jpg\"><img loading=\"lazy\" decoding=\"async\" class=\"aligncenter wp-image-5054 size-full\" src=\"https:\/\/bruxelles-panthere.thefreecat.org\/wp-content\/uploads\/2022\/01\/BP-vs-Lessine.jpg\" alt=\"\" width=\"1920\" height=\"1080\" srcset=\"https:\/\/bruxelles-panthere.thefreecat.org\/wp-content\/uploads\/2022\/01\/BP-vs-Lessine.jpg 1920w, https:\/\/bruxelles-panthere.thefreecat.org\/wp-content\/uploads\/2022\/01\/BP-vs-Lessine-300x169.jpg 300w, https:\/\/bruxelles-panthere.thefreecat.org\/wp-content\/uploads\/2022\/01\/BP-vs-Lessine-1024x576.jpg 1024w, https:\/\/bruxelles-panthere.thefreecat.org\/wp-content\/uploads\/2022\/01\/BP-vs-Lessine-768x432.jpg 768w, https:\/\/bruxelles-panthere.thefreecat.org\/wp-content\/uploads\/2022\/01\/BP-vs-Lessine-1536x864.jpg 1536w, https:\/\/bruxelles-panthere.thefreecat.org\/wp-content\/uploads\/2022\/01\/BP-vs-Lessine-1320x743.jpg 1320w\" sizes=\"auto, (max-width: 1920px) 100vw, 1920px\" \/><\/a><\/p>\n<\/div>\n","protected":false},"excerpt":{"rendered":"<p>Nous, Bruxelles Panth\u00e8res, tenons \u00e0 exprimer notre profonde consternation et notre d\u00e9saccord avec le contenu de l\u2019article publi\u00e9 ce mercredi 23 ao\u00fbt sur le site de la RTBF, sous le titre \u00ab\u00a0Ath renforce les mesures de s\u00e9curit\u00e9 autour de sa ducasse\u00a0\u00bb.[1] Nous estimons n\u00e9cessaire de rectifier certaines affirmations de cet article qui alt\u00e8re la r\u00e9alit\u00e9 &#8230; <a title=\"Communiqu\u00e9 de presse \u2013 Ducasse d\u2019Ath et RTBF\" class=\"read-more\" href=\"https:\/\/bruxelles-panthere.thefreecat.org\/?p=5709\" aria-label=\"En savoir plus sur Communiqu\u00e9 de presse \u2013 Ducasse d\u2019Ath et RTBF\">Lire la suite<\/a><\/p>\n","protected":false},"author":1,"featured_media":4592,"comment_status":"open","ping_status":"open","sticky":false,"template":"","format":"standard","meta":{"footnotes":""},"categories":[539,7,537,28],"tags":[284,423],"class_list":["post-5709","post","type-post","status-publish","format-standard","has-post-thumbnail","hentry","category-belgique","category-negrophobie","category-presse-medias","category-racismes","tag-bruxelles-pantheres","tag-negrophobie"],"_links":{"self":[{"href":"https:\/\/bruxelles-panthere.thefreecat.org\/index.php?rest_route=\/wp\/v2\/posts\/5709","targetHints":{"allow":["GET"]}}],"collection":[{"href":"https:\/\/bruxelles-panthere.thefreecat.org\/index.php?rest_route=\/wp\/v2\/posts"}],"about":[{"href":"https:\/\/bruxelles-panthere.thefreecat.org\/index.php?rest_route=\/wp\/v2\/types\/post"}],"author":[{"embeddable":true,"href":"https:\/\/bruxelles-panthere.thefreecat.org\/index.php?rest_route=\/wp\/v2\/users\/1"}],"replies":[{"embeddable":true,"href":"https:\/\/bruxelles-panthere.thefreecat.org\/index.php?rest_route=%2Fwp%2Fv2%2Fcomments&post=5709"}],"version-history":[{"count":7,"href":"https:\/\/bruxelles-panthere.thefreecat.org\/index.php?rest_route=\/wp\/v2\/posts\/5709\/revisions"}],"predecessor-version":[{"id":5722,"href":"https:\/\/bruxelles-panthere.thefreecat.org\/index.php?rest_route=\/wp\/v2\/posts\/5709\/revisions\/5722"}],"wp:featuredmedia":[{"embeddable":true,"href":"https:\/\/bruxelles-panthere.thefreecat.org\/index.php?rest_route=\/wp\/v2\/media\/4592"}],"wp:attachment":[{"href":"https:\/\/bruxelles-panthere.thefreecat.org\/index.php?rest_route=%2Fwp%2Fv2%2Fmedia&parent=5709"}],"wp:term":[{"taxonomy":"category","embeddable":true,"href":"https:\/\/bruxelles-panthere.thefreecat.org\/index.php?rest_route=%2Fwp%2Fv2%2Fcategories&post=5709"},{"taxonomy":"post_tag","embeddable":true,"href":"https:\/\/bruxelles-panthere.thefreecat.org\/index.php?rest_route=%2Fwp%2Fv2%2Ftags&post=5709"}],"curies":[{"name":"wp","href":"https:\/\/api.w.org\/{rel}","templated":true}]}}