{"id":5392,"date":"2022-11-25T18:53:08","date_gmt":"2022-11-25T17:53:08","guid":{"rendered":"https:\/\/bruxelles-panthere.thefreecat.org\/?p=5392"},"modified":"2022-12-24T17:08:39","modified_gmt":"2022-12-24T16:08:39","slug":"bandung-du-nord-bruxelles-du-16-au-18-decembre-2022","status":"publish","type":"post","link":"https:\/\/bruxelles-panthere.thefreecat.org\/?p=5392","title":{"rendered":"BANDUNG DU NORD &#8211; BRUXELLES &#8211; DU 16 AU 18 DECEMBRE 2022"},"content":{"rendered":"<div dir=\"auto\" style=\"text-align: center;\"><strong>BANDUNG DU NORD &#8211; BRUXELLES &#8211; DU 16 AU 18 DECEMBRE 2022<\/strong><\/div>\n<div dir=\"auto\">A l&rsquo;initiative de Bruxelles Panth\u00e8res, la deuxi\u00e8me \u00e9dition du Bandung du Nord aura lieu \u00e0 Bruxelles, du 16 au 18 d\u00e9cembre 2022 : \u00ab\u00a0Bandung du Nord, guerre permanente ou paix r\u00e9volutionnaire\u00a0\u00bb.<\/div>\n<div dir=\"auto\">Une riche programmation vous propose 3 jours de rencontres, de projections, d&rsquo;interventions et de d\u00e9bats avec de nombreux intervenants et th\u00e9matiques.<\/div>\n<div dir=\"auto\">La diffusion en direct aura lieu sur la cha\u00eene Twitch de Paroles d&rsquo;honneur (@Wissam Xelka) et sur la page<a href=\"https:\/\/www.facebook.com\/bruxellespantheres\/\"> Facebook de Bruxelles Panth\u00e8res.<\/a><\/div>\n<div dir=\"auto\">Pour assister en pr\u00e9sentiel \u00e0 l&rsquo;\u00e9v\u00e9nement, il faut <strong>obligatoirement -mais gratuitement- s&rsquo;inscrire<\/strong> en envoyant votre nom et pr\u00e9nom \u00e0 l&rsquo;adresse mail bruxelles.pantheres@gmail.com\u00a0 <strong>Les places sont limit\u00e9es.<\/strong><\/div>\n<p><!--more--><\/p>\n<p><a href=\"https:\/\/bruxelles-panthere.thefreecat.org\/wp-content\/uploads\/2022\/11\/316688910_616554293686766_107765515949746865_n.jpg\"><img loading=\"lazy\" decoding=\"async\" class=\"aligncenter wp-image-5397 size-large\" src=\"https:\/\/bruxelles-panthere.thefreecat.org\/wp-content\/uploads\/2022\/11\/316688910_616554293686766_107765515949746865_n-1024x1024.jpg\" alt=\"\" width=\"1024\" height=\"1024\" srcset=\"https:\/\/bruxelles-panthere.thefreecat.org\/wp-content\/uploads\/2022\/11\/316688910_616554293686766_107765515949746865_n-1024x1024.jpg 1024w, https:\/\/bruxelles-panthere.thefreecat.org\/wp-content\/uploads\/2022\/11\/316688910_616554293686766_107765515949746865_n-300x300.jpg 300w, https:\/\/bruxelles-panthere.thefreecat.org\/wp-content\/uploads\/2022\/11\/316688910_616554293686766_107765515949746865_n-150x150.jpg 150w, https:\/\/bruxelles-panthere.thefreecat.org\/wp-content\/uploads\/2022\/11\/316688910_616554293686766_107765515949746865_n-768x768.jpg 768w, https:\/\/bruxelles-panthere.thefreecat.org\/wp-content\/uploads\/2022\/11\/316688910_616554293686766_107765515949746865_n-1536x1536.jpg 1536w, https:\/\/bruxelles-panthere.thefreecat.org\/wp-content\/uploads\/2022\/11\/316688910_616554293686766_107765515949746865_n.jpg 2048w, https:\/\/bruxelles-panthere.thefreecat.org\/wp-content\/uploads\/2022\/11\/316688910_616554293686766_107765515949746865_n-1320x1320.jpg 1320w\" sizes=\"auto, (max-width: 1024px) 100vw, 1024px\" \/><\/a><\/p>\n<p style=\"text-align: center;\">Le lien de l&rsquo;\u00e9v\u00e9nement facebook : <a class=\"x1i10hfl xjbqb8w x6umtig x1b1mbwd xaqea5y xav7gou x9f619 x1ypdohk xt0psk2 xe8uvvx xdj266r x11i5rnm xat24cr x1mh8g0r xexx8yu x4uap5 x18d9i69 xkhd6sd x16tdsg8 x1hl2dhg xggy1nq x1a2a7pz xt0b8zv x1fey0fg\" tabindex=\"0\" role=\"link\" href=\"https:\/\/fb.me\/e\/32xC10WkG\" target=\"_blank\" rel=\"nofollow noopener\">https:\/\/fb.me\/e\/32xC10WkG<\/a><\/p>\n<p>&nbsp;<\/p>\n<p><a href=\"https:\/\/bruxelles-panthere.thefreecat.org\/wp-content\/uploads\/2022\/11\/316680687_616553320353530_3495359475708160740_n.jpg\"><img loading=\"lazy\" decoding=\"async\" class=\"wp-image-5394 size-large aligncenter\" src=\"https:\/\/bruxelles-panthere.thefreecat.org\/wp-content\/uploads\/2022\/11\/316680687_616553320353530_3495359475708160740_n-1024x1024.jpg\" alt=\"\" width=\"1024\" height=\"1024\" srcset=\"https:\/\/bruxelles-panthere.thefreecat.org\/wp-content\/uploads\/2022\/11\/316680687_616553320353530_3495359475708160740_n-1024x1024.jpg 1024w, https:\/\/bruxelles-panthere.thefreecat.org\/wp-content\/uploads\/2022\/11\/316680687_616553320353530_3495359475708160740_n-300x300.jpg 300w, https:\/\/bruxelles-panthere.thefreecat.org\/wp-content\/uploads\/2022\/11\/316680687_616553320353530_3495359475708160740_n-150x150.jpg 150w, https:\/\/bruxelles-panthere.thefreecat.org\/wp-content\/uploads\/2022\/11\/316680687_616553320353530_3495359475708160740_n-768x768.jpg 768w, https:\/\/bruxelles-panthere.thefreecat.org\/wp-content\/uploads\/2022\/11\/316680687_616553320353530_3495359475708160740_n-1536x1536.jpg 1536w, https:\/\/bruxelles-panthere.thefreecat.org\/wp-content\/uploads\/2022\/11\/316680687_616553320353530_3495359475708160740_n.jpg 2048w, https:\/\/bruxelles-panthere.thefreecat.org\/wp-content\/uploads\/2022\/11\/316680687_616553320353530_3495359475708160740_n-1320x1320.jpg 1320w\" sizes=\"auto, (max-width: 1024px) 100vw, 1024px\" \/><\/a><\/p>\n<p><strong><u>Vendredi 16 <\/u><\/strong>\u00a0\u00a0<strong>de 21h00 \u00e0 23h00 :\u00a0<\/strong>Au cin\u00e9ma Aventure en plein c\u0153ur de Bruxelles, dans la Galerie du centre, acc\u00e8s par le 57 rue des Fripiers.<\/p>\n<p><a href=\"https:\/\/cinema-aventure.be\/\">https:\/\/cinema-aventure.be\/\u00a0<\/a><\/p>\n<p>Projection du documentaire d&rsquo;Ahmed Frassini : \u00ab\u00a0Apr\u00e8s la balle de sniper\u00a0\u00bb sur les 359 corps de d\u00e9tenus palestiniens qui se trouvent dans des cong\u00e9lateurs isra\u00e9liens ou dans des tombes cod\u00e9es sans noms.<\/p>\n<p>Le documentaire sera suivi d&rsquo;une rencontre et un \u00e9change avec<\/p>\n<p>Mich\u00e8le Sibony de l\u2019Union Juive Fran\u00e7aise pour la Paix<\/p>\n<p>Ramon Grosfoguel de l&rsquo;universit\u00e9 de Californie-Berkeley<\/p>\n<p>Youssef Boussoumah, historien, militant des luttes de l\u2019immigration et de la cause palestinienne<\/p>\n<p>Omar Jabary Salamanca,charg\u00e9 de recherche FNRS au REPI (Recherche et Etudes en Politique Internationale). Il est \u00e9galement cofondateur et programmateur du festival d&rsquo;art et de cin\u00e9ma Eye On Palestine.<\/p>\n<p>Mohammed Khatib, coordinateur de Samidoun Palestinian Prisoner Solidarity Network en Europe.<\/p>\n<p>Et en pr\u00e9sence du r\u00e9alisateur du documentaire, Ahmed Frassini. Il v\u00e9cut la premi\u00e8re Intifada comme enfant et fut d\u00e9tenu plusieurs fois, et bis repetita durant de la seconde Intifada. Journaliste et r\u00e9alisateur, Ahmed travaille actuellement comme m\u00e9dia strat\u00e9giste et coordinateur en relations politiques ind\u00e9pendant en Belgique.<\/p>\n<p><a href=\"https:\/\/bruxelles-panthere.thefreecat.org\/wp-content\/uploads\/2022\/11\/316419254_616553890353473_2407771831333666516_n.jpg\"><img loading=\"lazy\" decoding=\"async\" class=\"wp-image-5395 size-large aligncenter\" src=\"https:\/\/bruxelles-panthere.thefreecat.org\/wp-content\/uploads\/2022\/11\/316419254_616553890353473_2407771831333666516_n-1024x1024.jpg\" alt=\"\" width=\"1024\" height=\"1024\" srcset=\"https:\/\/bruxelles-panthere.thefreecat.org\/wp-content\/uploads\/2022\/11\/316419254_616553890353473_2407771831333666516_n-1024x1024.jpg 1024w, https:\/\/bruxelles-panthere.thefreecat.org\/wp-content\/uploads\/2022\/11\/316419254_616553890353473_2407771831333666516_n-300x300.jpg 300w, https:\/\/bruxelles-panthere.thefreecat.org\/wp-content\/uploads\/2022\/11\/316419254_616553890353473_2407771831333666516_n-150x150.jpg 150w, https:\/\/bruxelles-panthere.thefreecat.org\/wp-content\/uploads\/2022\/11\/316419254_616553890353473_2407771831333666516_n-768x768.jpg 768w, https:\/\/bruxelles-panthere.thefreecat.org\/wp-content\/uploads\/2022\/11\/316419254_616553890353473_2407771831333666516_n-1536x1536.jpg 1536w, https:\/\/bruxelles-panthere.thefreecat.org\/wp-content\/uploads\/2022\/11\/316419254_616553890353473_2407771831333666516_n.jpg 2048w, https:\/\/bruxelles-panthere.thefreecat.org\/wp-content\/uploads\/2022\/11\/316419254_616553890353473_2407771831333666516_n-1320x1320.jpg 1320w\" sizes=\"auto, (max-width: 1024px) 100vw, 1024px\" \/><\/a><\/p>\n<p><strong><u>Samedi 17<\/u><\/strong><\/p>\n<p><strong><u>Au DK\u00a0: Rue de Danemark 70B, 1060 Saint-Gilles<\/u><\/strong><\/p>\n<p><strong>10h00\u00a0\u00e0 10h30<\/strong>\u00a0: Mot d\u2019accueil + Introduction au Bandung du Nord (Issam)<\/p>\n<p><strong>L&rsquo;\u00e9tat de guerre permanent <\/strong><\/p>\n<p><strong>Guerres, racismes, violence structurelle et syst\u00e9mique<\/strong><\/p>\n<p><strong>10h30 \u00e0 12h30 <\/strong><\/p>\n<p><strong>Ramon Grosfoguel<\/strong>\u00a0(modernit\u00e9 occidentale comme civilisation de la mort)<\/p>\n<p><strong>Mohamed Amer Mezziane<\/strong> (les guerres id\u00e9ologiques)<\/p>\n<p><strong>Luis\u00a0<\/strong><strong>Martinez <\/strong><strong>Andrade <\/strong>\u00a0(guerre \u00e0 la nature)<\/p>\n<p><strong>Michele Sibony<\/strong> (guerre aux Palestiniens)<\/p>\n<p><strong>Fran\u00e7oise Verg\u00e8s<\/strong> (guerre aux Femmes)<\/p>\n<p><strong>Souhaila Aamri<\/strong> (guerre aux Musulmans)<\/p>\n<p><strong>Leticia Assemien<\/strong>, (guerre aux sans-papiers\/migrants)<\/p>\n<p><strong>V\u00e9ronique Clette Gakuba<\/strong> (guerre au Noirs \/ N\u00e9grophobie)<\/p>\n<p><strong>Mouhad Reghif<\/strong> (guerre aux Arabes)<\/p>\n<p><strong>Olivier Marboeuf<\/strong>\u00a0(guerre a l\u2019antiracisme politique)<\/p>\n<p>&nbsp;<\/p>\n<p><strong>13h00 \u00e0 15h30 :<\/strong> \u00a0QG d\u00e9colonial en direct sur PDH<\/p>\n<p>Avec les invit\u00e9s du matin + Questions et intervention du public + Question des internautes<\/p>\n<p>&nbsp;<\/p>\n<p><strong>18h00 \u00e0 20h00<\/strong>\u00a0: une \u00e9mission sur le football en direct sur PDH<\/p>\n<p><a href=\"https:\/\/bruxelles-panthere.thefreecat.org\/wp-content\/uploads\/2022\/11\/316521474_616554320353430_5330770000852399446_n.jpg\"><br \/>\n<img loading=\"lazy\" decoding=\"async\" class=\"wp-image-5396 size-large aligncenter\" src=\"https:\/\/bruxelles-panthere.thefreecat.org\/wp-content\/uploads\/2022\/11\/316521474_616554320353430_5330770000852399446_n-1024x1024.jpg\" alt=\"\" width=\"1024\" height=\"1024\" srcset=\"https:\/\/bruxelles-panthere.thefreecat.org\/wp-content\/uploads\/2022\/11\/316521474_616554320353430_5330770000852399446_n-1024x1024.jpg 1024w, https:\/\/bruxelles-panthere.thefreecat.org\/wp-content\/uploads\/2022\/11\/316521474_616554320353430_5330770000852399446_n-300x300.jpg 300w, https:\/\/bruxelles-panthere.thefreecat.org\/wp-content\/uploads\/2022\/11\/316521474_616554320353430_5330770000852399446_n-150x150.jpg 150w, https:\/\/bruxelles-panthere.thefreecat.org\/wp-content\/uploads\/2022\/11\/316521474_616554320353430_5330770000852399446_n-768x768.jpg 768w, https:\/\/bruxelles-panthere.thefreecat.org\/wp-content\/uploads\/2022\/11\/316521474_616554320353430_5330770000852399446_n-1536x1536.jpg 1536w, https:\/\/bruxelles-panthere.thefreecat.org\/wp-content\/uploads\/2022\/11\/316521474_616554320353430_5330770000852399446_n.jpg 2048w, https:\/\/bruxelles-panthere.thefreecat.org\/wp-content\/uploads\/2022\/11\/316521474_616554320353430_5330770000852399446_n-1320x1320.jpg 1320w\" sizes=\"auto, (max-width: 1024px) 100vw, 1024px\" \/><\/a><\/p>\n<p><strong><u>Dimanche 18<\/u><\/strong><\/p>\n<p><strong><u>Au DK : Rue de Danemark 70B, 1060 Saint-Gilles<\/u><\/strong><\/p>\n<p><strong>La paix r\u00e9volutionnaire I<\/strong><\/p>\n<p><strong>10h00 \u00e0 12h00 <\/strong><\/p>\n<p>V\u00e9ronique Clette Gakuba<\/p>\n<p>Collectif des Madr\u00e9s (Latifa Elmcabeni)<\/p>\n<p>Mohamed Amer Mezziane<\/p>\n<p>Comit\u00e9 Lamine Bangoura (Jean Pierre Bangoura)<\/p>\n<p>Ali Aarrass<\/p>\n<p>Olivier Marboeuf<\/p>\n<p><strong>12h30 \u00e0 14h30<\/strong><\/p>\n<p>Ramon Grosfoguel<\/p>\n<p>Nordine Sa\u00efdi<\/p>\n<p>Houria Bouteldja<\/p>\n<p>Fran\u00e7oise Verg\u00e8s<\/p>\n<p>Fran\u00e7ois Makanga<\/p>\n<p>Omar Jabary Salamanca<\/p>\n<p><strong>14h45 \u00e0 15h30 <\/strong><\/p>\n<p>Conclusion<\/p>\n","protected":false},"excerpt":{"rendered":"<p>BANDUNG DU NORD &#8211; BRUXELLES &#8211; DU 16 AU 18 DECEMBRE 2022 A l&rsquo;initiative de Bruxelles Panth\u00e8res, la deuxi\u00e8me \u00e9dition du Bandung du Nord aura lieu \u00e0 Bruxelles, du 16 au 18 d\u00e9cembre 2022 : \u00ab\u00a0Bandung du Nord, guerre permanente ou paix r\u00e9volutionnaire\u00a0\u00bb. Une riche programmation vous propose 3 jours de rencontres, de projections, d&rsquo;interventions &#8230; <a title=\"BANDUNG DU NORD &#8211; BRUXELLES &#8211; DU 16 AU 18 DECEMBRE 2022\" class=\"read-more\" href=\"https:\/\/bruxelles-panthere.thefreecat.org\/?p=5392\" aria-label=\"En savoir plus sur BANDUNG DU NORD &#8211; BRUXELLES &#8211; DU 16 AU 18 DECEMBRE 2022\">Lire la suite<\/a><\/p>\n","protected":false},"author":1,"featured_media":5393,"comment_status":"open","ping_status":"open","sticky":false,"template":"","format":"standard","meta":{"footnotes":""},"categories":[1,35,21,22,25,36,42,4,20,7,6,8,28,18,37,39,5],"tags":[53,184,455,482,206,147,441,195,520,521,375,13,519,518,155,424],"class_list":["post-5392","post","type-post","status-publish","format-standard","has-post-thumbnail","hentry","category-non-classe","category-amerique-du-sud","category-anti-imperialisme","category-emploi","category-enseignement","category-europe","category-homophobie","category-islamophobie","category-logement","category-negrophobie","category-palestine-moyen-orient","category-prisons","category-racismes","category-resistance-bruxelles","category-romophobie","category-sans-papier","category-violence-policiere","tag-ali-aarrass","tag-bandung","tag-collectif-des-madres","tag-francois-makanga","tag-francoise-verges","tag-houria-bouteldja","tag-lamine-bangoura","tag-luis-martinez-andrade","tag-michele-sibony","tag-mohamed-amer-mezziane","tag-mouhad-reghif","tag-nordine-saidi","tag-olivier-marboeuf","tag-omar-jabary-salamanca","tag-ramon-grosfoguel","tag-veronique-clette-gakuba"],"_links":{"self":[{"href":"https:\/\/bruxelles-panthere.thefreecat.org\/index.php?rest_route=\/wp\/v2\/posts\/5392","targetHints":{"allow":["GET"]}}],"collection":[{"href":"https:\/\/bruxelles-panthere.thefreecat.org\/index.php?rest_route=\/wp\/v2\/posts"}],"about":[{"href":"https:\/\/bruxelles-panthere.thefreecat.org\/index.php?rest_route=\/wp\/v2\/types\/post"}],"author":[{"embeddable":true,"href":"https:\/\/bruxelles-panthere.thefreecat.org\/index.php?rest_route=\/wp\/v2\/users\/1"}],"replies":[{"embeddable":true,"href":"https:\/\/bruxelles-panthere.thefreecat.org\/index.php?rest_route=%2Fwp%2Fv2%2Fcomments&post=5392"}],"version-history":[{"count":6,"href":"https:\/\/bruxelles-panthere.thefreecat.org\/index.php?rest_route=\/wp\/v2\/posts\/5392\/revisions"}],"predecessor-version":[{"id":5422,"href":"https:\/\/bruxelles-panthere.thefreecat.org\/index.php?rest_route=\/wp\/v2\/posts\/5392\/revisions\/5422"}],"wp:featuredmedia":[{"embeddable":true,"href":"https:\/\/bruxelles-panthere.thefreecat.org\/index.php?rest_route=\/wp\/v2\/media\/5393"}],"wp:attachment":[{"href":"https:\/\/bruxelles-panthere.thefreecat.org\/index.php?rest_route=%2Fwp%2Fv2%2Fmedia&parent=5392"}],"wp:term":[{"taxonomy":"category","embeddable":true,"href":"https:\/\/bruxelles-panthere.thefreecat.org\/index.php?rest_route=%2Fwp%2Fv2%2Fcategories&post=5392"},{"taxonomy":"post_tag","embeddable":true,"href":"https:\/\/bruxelles-panthere.thefreecat.org\/index.php?rest_route=%2Fwp%2Fv2%2Ftags&post=5392"}],"curies":[{"name":"wp","href":"https:\/\/api.w.org\/{rel}","templated":true}]}}