{"id":5390,"date":"2022-11-22T21:58:52","date_gmt":"2022-11-22T20:58:52","guid":{"rendered":"https:\/\/bruxelles-panthere.thefreecat.org\/?p=5390"},"modified":"2022-11-22T22:04:49","modified_gmt":"2022-11-22T21:04:49","slug":"a-propos-du-qatar-bashing","status":"publish","type":"post","link":"https:\/\/bruxelles-panthere.thefreecat.org\/?p=5390","title":{"rendered":"\u00c0 propos du Qatar bashing"},"content":{"rendered":"<p>\u00c9dito #58 \u2013 Nous sommes si bons \u2013 \u00c0 propos du Qatar bashing<\/p>\n<p>L&rsquo;\u00e9dito du QG 22 novembre 2022<\/p>\n<p><em>Haro sur le Qatar, haro sur les barbares !<\/em>, s\u2019\u00e9crient nos d\u00e9mocrates. Jamais l\u2019injonction au boycott d\u2019un Mondial, pas m\u00eame au moment de la Coupe de 1978 dans l\u2019Argentine fasciste, n\u2019a \u00e9t\u00e9 aussi forte. Tout condamne, il faut dire, l\u2019organisation de la Coupe du Monde par ce pays\u00a0: l\u2019insouciance criminelle des normes requises pour pr\u00e9server la plan\u00e8te d\u2019une aggravation du d\u00e9r\u00e8glement climatique (ainsi les stades \u00e9rig\u00e9s en plein d\u00e9sert sont-ils climatis\u00e9s), le traitement r\u00e9serv\u00e9 aux travailleurs migrants venus construire des stades en toute h\u00e2te parfois au p\u00e9ril de leurs vies, et plus g\u00e9n\u00e9ralement, le m\u00e9pris de l\u2019humanit\u00e9 par un r\u00e9gime archa\u00efque et tyrannique.<!--more--><\/p>\n<p class=\"selectionShareable\">Ainsi, quand on est bons et qu\u2019on partage des valeurs oppos\u00e9es \u00e0 celles du vilain petit Qatar, on boycotte. C\u2019est la raison pour laquelle les m\u00e9dias, caisse de r\u00e9sonnance de la sagesse occidentale, parlent positivement des migrants, ou des immigr\u00e9s, en d\u00e9non\u00e7ant leurs conditions de vie, la fa\u00e7on dont ils sont quasi esclavagis\u00e9s. A la bonne heure !<\/p>\n<p class=\"selectionShareable\">Les immigr\u00e9s sont mis en esclavage, vous rendez-vous compte ? Il y a belle lurette que par chez nous, en R\u00e9publique, l\u2019esclavage a \u00e9t\u00e9 aboli ! Certes, l\u2019esclavage en Libye est directement li\u00e9 \u00e0 l\u2019intervention fran\u00e7aise sous direction de Sarkozy et Bernard-Henri L\u00e9vy. Certes, l\u2019ancien pr\u00e9sident de la R\u00e9publique devait des sommes exorbitantes \u00e0 l\u2019autocrate de Tripoli qui avait \u00e9t\u00e9 mis \u00e0 contribution pour financer la campagne victorieuse de 2007 de l\u2019ancien ministre de l\u2019int\u00e9rieur. Certes, certes, mais c\u2019est tout de m\u00eame diff\u00e9rent. Puisque c\u2019\u00e9tait pour lib\u00e9rer le peuple libyen de son tyran. Nous sommes si bons.<\/p>\n<p class=\"selectionShareable\">En France, nul traitement de ce genre envers les migrants puisque, dans la plupart des cas, nous leur signifions, tant qu\u2019ils sont sur leurs fr\u00eales esquifs, que nous ne les accueillerons pas et que, si nous les laissons accoster sur nos c\u00f4tes parce que par exemple en bons d\u00e9mocrates nous n\u2019osons pas \u00eatre aussi cash que l\u2019h\u00e9riti\u00e8re de Mussolini, M\u00e9loni, c\u2019est pour les renvoyer dans leurs pays respectifs ou, peut-\u00eatre, ils subiront l\u2019enfer. Mais enfin, ce n\u2019est pas notre faute s\u2019ils vivent en Barbarie. Et ce n\u2019est pas notre faute non plus s\u2019il y a \u00e0 peine un an, des p\u00eacheurs ont retrouv\u00e9 des corps flottant de migrants au large de Calais. Souvenez-vous, c\u2019\u00e9tait la faute des passeurs. Pareil pour le petit Aylan. Vous voyez bien que ce n\u2019est pas pareil. Nous sommes si bons.<\/p>\n<p class=\"selectionShareable\">Nous qui sommes les v\u00e9ritables h\u00e9ritiers de l\u2019universalisme. Align\u00e9s sur les obsessions de mesdames Fourest, Badinter et Aram, n\u2019avons-nous pas, les premiers, coup\u00e9 une m\u00e8che de cheveux pour soutenir le juste combat des Iraniennes ? Nous sommes si bons. A ce titre, l\u2019attitude de Hugo Lloris, gardien de but de l\u2019\u00e9quipe de France, nous ridiculise un peu. Il refuse d\u2019arborer un brassard en solidarit\u00e9 avec les LGBT arguant du respect des coutumes du Qatar.<\/p>\n<p class=\"selectionShareable\">L\u2019Allemagne nous vole la vedette, elle qui va afficher sa solidarit\u00e9 au risque de payer une amende. Certes, si les Allemands sont \u00e0 la pointe de la lutte internationale contre l\u2019homophobie, c\u2019est que les nazis avaient mis les homosexuels en camps de concentration avec un triangle rose cousu sur la loque couvrant leur poitrine. L\u2019indignation contre le Qatar \u2013 qui n\u2019a, re-certes, rien \u00e0 voir avec Auschwitz \u2013 est une belle occasion pour les laver de tout. Ils sont si bons. Honte sur Lloris.<\/p>\n<p class=\"selectionShareable\">Enfin, la clim\u2019 partout. Quel scandale !\u00a0 Certes, le d\u00e9traquement de la plan\u00e8te est largement de notre fait. Certes, nous avons largement contribu\u00e9 \u00e0 faire de l\u2019Arabie saoudite et des autres p\u00e9tromonarchies ce qu\u2019elles sont. Certes, les terminaux pour gaz de schiste dans le port du Havre ou la possible remise en marche des centrales \u00e0 charbon ou des mines, c\u2019est un peu ennuyeux, mais tout de m\u00eame, l\u2019exploitation des mati\u00e8res fossiles indispensables \u00e0 nos \u00e9conomies, quel scandale ! Nous sommes si bons.<\/p>\n<p class=\"selectionShareable\">L\u2019appel au boycott du Mondial au Qatar n\u2019est rien d\u2019autre que le nom d\u2019une n\u00e9vrose. Le Qatar dans toutes ses outrances est \u00e0 l\u2019image du monstre capitaliste qui l\u2019a <a href=\"https:\/\/blogs.mediapart.fr\/bahaelfakir\/blog\/221022\/le-boycott-du-mondial-au-qatar-est-raciste-ethnocentre-hypocrite-et-inutile?fbclid=IwAR3crvuuJEnIcEOOPiNtgO8Cj4zPX4D9HmmICx5Sx-PMwrkiE_sR3B42qkU\">engendr\u00e9.<\/a> L\u2019appel au boycott est le nom d\u2019un d\u00e9ni. Celui du refus de reconna\u00eetre sa prog\u00e9niture. Cachez donc ce Qatar que nous ne saurions voir. Il n\u2019est que le miroir concentr\u00e9 de la violence pluris\u00e9culaire occidentale. A ce titre, la pr\u00e9sence de G\u00e9rald Darmanin \u00e0 la c\u00e9r\u00e9monie d\u2019ouverture de la comp\u00e9tition est une offense suppl\u00e9mentaire \u00e0 la m\u00e9moire des migrants morts pour des stades construits \u00e0 toute vitesse dont les fr\u00e8res de condition meurent pr\u00e8s des c\u00f4tes <a href=\"https:\/\/qgdecolonial.fr\/2021\/12\/06\/edito-36-a-nos-freres-migrants-il-y-a-un-seul-monde\/\">fran\u00e7aises.<\/a><\/p>\n<h1 class=\"site-title\"><a href=\"https:\/\/qgdecolonial.fr\/\" rel=\"home\"> <img decoding=\"async\" src=\"http:\/\/qgdecolonial.fr\/wp-content\/uploads\/2021\/01\/LOGO-QG-300x60.jpg\" alt=\"QG Decolonial\" \/> <\/a><\/h1>\n","protected":false},"excerpt":{"rendered":"<p>\u00c9dito #58 \u2013 Nous sommes si bons \u2013 \u00c0 propos du Qatar bashing L&rsquo;\u00e9dito du QG 22 novembre 2022 Haro sur le Qatar, haro sur les barbares !, s\u2019\u00e9crient nos d\u00e9mocrates. Jamais l\u2019injonction au boycott d\u2019un Mondial, pas m\u00eame au moment de la Coupe de 1978 dans l\u2019Argentine fasciste, n\u2019a \u00e9t\u00e9 aussi forte. Tout condamne, &#8230; <a title=\"\u00c0 propos du Qatar bashing\" class=\"read-more\" href=\"https:\/\/bruxelles-panthere.thefreecat.org\/?p=5390\" aria-label=\"En savoir plus sur \u00c0 propos du Qatar bashing\">Lire la suite<\/a><\/p>\n","protected":false},"author":1,"featured_media":4626,"comment_status":"open","ping_status":"open","sticky":false,"template":"","format":"standard","meta":{"footnotes":""},"categories":[36,4,7,28],"tags":[],"class_list":["post-5390","post","type-post","status-publish","format-standard","has-post-thumbnail","hentry","category-europe","category-islamophobie","category-negrophobie","category-racismes"],"_links":{"self":[{"href":"https:\/\/bruxelles-panthere.thefreecat.org\/index.php?rest_route=\/wp\/v2\/posts\/5390","targetHints":{"allow":["GET"]}}],"collection":[{"href":"https:\/\/bruxelles-panthere.thefreecat.org\/index.php?rest_route=\/wp\/v2\/posts"}],"about":[{"href":"https:\/\/bruxelles-panthere.thefreecat.org\/index.php?rest_route=\/wp\/v2\/types\/post"}],"author":[{"embeddable":true,"href":"https:\/\/bruxelles-panthere.thefreecat.org\/index.php?rest_route=\/wp\/v2\/users\/1"}],"replies":[{"embeddable":true,"href":"https:\/\/bruxelles-panthere.thefreecat.org\/index.php?rest_route=%2Fwp%2Fv2%2Fcomments&post=5390"}],"version-history":[{"count":1,"href":"https:\/\/bruxelles-panthere.thefreecat.org\/index.php?rest_route=\/wp\/v2\/posts\/5390\/revisions"}],"predecessor-version":[{"id":5391,"href":"https:\/\/bruxelles-panthere.thefreecat.org\/index.php?rest_route=\/wp\/v2\/posts\/5390\/revisions\/5391"}],"wp:featuredmedia":[{"embeddable":true,"href":"https:\/\/bruxelles-panthere.thefreecat.org\/index.php?rest_route=\/wp\/v2\/media\/4626"}],"wp:attachment":[{"href":"https:\/\/bruxelles-panthere.thefreecat.org\/index.php?rest_route=%2Fwp%2Fv2%2Fmedia&parent=5390"}],"wp:term":[{"taxonomy":"category","embeddable":true,"href":"https:\/\/bruxelles-panthere.thefreecat.org\/index.php?rest_route=%2Fwp%2Fv2%2Fcategories&post=5390"},{"taxonomy":"post_tag","embeddable":true,"href":"https:\/\/bruxelles-panthere.thefreecat.org\/index.php?rest_route=%2Fwp%2Fv2%2Ftags&post=5390"}],"curies":[{"name":"wp","href":"https:\/\/api.w.org\/{rel}","templated":true}]}}